{"id":6499,"date":"2026-04-30T12:27:50","date_gmt":"2026-04-30T10:27:50","guid":{"rendered":"https:\/\/aragonbilingue.catedu.es\/new\/?p=6499"},"modified":"2026-04-30T12:27:54","modified_gmt":"2026-04-30T10:27:54","slug":"webinar-iniciate-en-etwinning-formacion-en-linea","status":"publish","type":"post","link":"https:\/\/aragonbilingue.catedu.es\/new\/webinar-iniciate-en-etwinning-formacion-en-linea\/","title":{"rendered":"Webinar \u201cIn\u00edciate en eTwinning\u201d \u2013 formaci\u00f3n en l\u00ednea"},"content":{"rendered":"\n<p>Una sesi\u00f3n pensada para docentes que quieren dar sus primeros pasos en eTwinning: conocer la plataforma, descubrir sus posibilidades y empezar a colaborar con otros centros europeos.<\/p>\n\n\n\n<p>\ud83d\udc65&nbsp;Con la participaci\u00f3n de&nbsp;<strong>Agust\u00edn Bastida, Rogelio Mart\u00ednez, Crist\u00f3bal Alonso y Elena Zorrilla<\/strong><br>\ud83c\udfa4&nbsp;Modera:&nbsp;<strong>Benito Moreno<\/strong><br>\ud83e\udd1d&nbsp;Facilita:&nbsp;<strong>SNA eTwinning<\/strong><\/p>\n\n\n\n<p>\ud83d\udcc5\u00a0<strong>19 de mayo<\/strong><br>\u23f0\u00a0<strong>17:00 h<\/strong><\/p>\n\n\n\n<p>\ud83d\udc49&nbsp;<strong>Inscr\u00edbete y \u00fanete aqu\u00ed:<\/strong><br><a href=\"https:\/\/eur04.safelinks.protection.outlook.com\/ap\/t-59584e83\/?url=https%3A%2F%2Fteams.microsoft.com%2Fmeet%2F379387145907984%3Fp%3DJtDVdxDw6JBQUIEZ6b&amp;data=05%7C02%7Cmaalonsoh%40aragon.es%7Cb17966cdd261464ba0b808dea69a2d9f%7C607c4c23f5d2498aaa1424316acbbb93%7C0%7C0%7C639131378559209943%7CUnknown%7CTWFpbGZsb3d8eyJFbXB0eU1hcGkiOnRydWUsIlYiOiIwLjAuMDAwMCIsIlAiOiJXaW4zMiIsIkFOIjoiTWFpbCIsIldUIjoyfQ%3D%3D%7C0%7C%7C%7C&amp;sdata=%2FT5HyJFKyp9msxPTLnccVl8b12z%2Bc6gUiscX08ilqcg%3D&amp;reserved=0\" target=\"_blank\" rel=\"noreferrer noopener\">https:\/\/teams.microsoft.com\/meet\/379387145907984?p=JtDVdxDw6JBQUIEZ6b<\/a><\/p>\n\n\n\n<div data-wp-interactive=\"core\/file\" class=\"wp-block-file\"><object data-wp-bind--hidden=\"!state.hasPdfPreview\" hidden class=\"wp-block-file__embed\" data=\"https:\/\/aragonbilingue.catedu.es\/new\/wp-content\/uploads\/2026\/04\/Webinar-Iniciate-en-eTwinning-1.pdf\" type=\"application\/pdf\" style=\"width:100%;height:480px\" aria-label=\"Incrustado de Webinar In\u00edciate en eTwinning 1.\"><\/object><a id=\"wp-block-file--media-00a25abd-174f-4755-bb53-c048095bca19\" href=\"https:\/\/aragonbilingue.catedu.es\/new\/wp-content\/uploads\/2026\/04\/Webinar-Iniciate-en-eTwinning-1.pdf\">Webinar In\u00edciate en eTwinning 1<\/a><a href=\"https:\/\/aragonbilingue.catedu.es\/new\/wp-content\/uploads\/2026\/04\/Webinar-Iniciate-en-eTwinning-1.pdf\" class=\"wp-block-file__button wp-element-button\" download aria-describedby=\"wp-block-file--media-00a25abd-174f-4755-bb53-c048095bca19\">Descarga<\/a><\/div>\n\n\n\n<p><\/p>\n","protected":false},"excerpt":{"rendered":"<p>Una sesi\u00f3n pensada para docentes que quieren dar sus primeros pasos en eTwinning: conocer la plataforma, descubrir sus posibilidades y empezar a colaborar con otros centros europeos. \ud83d\udc65&nbsp;Con la participaci\u00f3n de&nbsp;Agust\u00edn Bastida, Rogelio Mart\u00ednez, Crist\u00f3bal Alonso y Elena Zorrilla\ud83c\udfa4&nbsp;Modera:&nbsp;Benito Moreno\ud83e\udd1d&nbsp;Facilita:&nbsp;SNA eTwinning \ud83d\udcc5\u00a019 de mayo\u23f0\u00a017:00 h \ud83d\udc49&nbsp;Inscr\u00edbete y \u00fanete aqu\u00ed:https:\/\/teams.microsoft.com\/meet\/379387145907984?p=JtDVdxDw6JBQUIEZ6b<\/p>\n","protected":false},"author":1,"featured_media":0,"comment_status":"closed","ping_status":"closed","sticky":false,"template":"","format":"standard","meta":{"_monsterinsights_skip_tracking":false,"_monsterinsights_sitenote_active":false,"_monsterinsights_sitenote_note":"","_monsterinsights_sitenote_category":0,"_jetpack_memberships_contains_paid_content":false,"footnotes":""},"categories":[21,19,29,15],"tags":[62],"class_list":["post-6499","post","type-post","status-publish","format-standard","hentry","category-convocatorias","category-etwinning","category-formacion","category-programas_europeos","tag-etwinning"],"jetpack_featured_media_url":"","jetpack_sharing_enabled":true,"_links":{"self":[{"href":"https:\/\/aragonbilingue.catedu.es\/new\/wp-json\/wp\/v2\/posts\/6499","targetHints":{"allow":["GET"]}}],"collection":[{"href":"https:\/\/aragonbilingue.catedu.es\/new\/wp-json\/wp\/v2\/posts"}],"about":[{"href":"https:\/\/aragonbilingue.catedu.es\/new\/wp-json\/wp\/v2\/types\/post"}],"author":[{"embeddable":true,"href":"https:\/\/aragonbilingue.catedu.es\/new\/wp-json\/wp\/v2\/users\/1"}],"replies":[{"embeddable":true,"href":"https:\/\/aragonbilingue.catedu.es\/new\/wp-json\/wp\/v2\/comments?post=6499"}],"version-history":[{"count":1,"href":"https:\/\/aragonbilingue.catedu.es\/new\/wp-json\/wp\/v2\/posts\/6499\/revisions"}],"predecessor-version":[{"id":6501,"href":"https:\/\/aragonbilingue.catedu.es\/new\/wp-json\/wp\/v2\/posts\/6499\/revisions\/6501"}],"wp:attachment":[{"href":"https:\/\/aragonbilingue.catedu.es\/new\/wp-json\/wp\/v2\/media?parent=6499"}],"wp:term":[{"taxonomy":"category","embeddable":true,"href":"https:\/\/aragonbilingue.catedu.es\/new\/wp-json\/wp\/v2\/categories?post=6499"},{"taxonomy":"post_tag","embeddable":true,"href":"https:\/\/aragonbilingue.catedu.es\/new\/wp-json\/wp\/v2\/tags?post=6499"}],"curies":[{"name":"wp","href":"https:\/\/api.w.org\/{rel}","templated":true}]}}