{"id":6431,"date":"2026-04-08T14:03:49","date_gmt":"2026-04-08T12:03:49","guid":{"rendered":"https:\/\/aragonbilingue.catedu.es\/new\/?p=6431"},"modified":"2026-04-08T14:03:51","modified_gmt":"2026-04-08T12:03:51","slug":"resolucion-provisional-de-la-convocatoria-a-los-centros-docentes-no-universitarios-sostenidos-con-fondos-publicos-de-la-comunidad-de-aragon-para-participar-en-la-feria-de-ciencias-y-tecnologia-en-leng","status":"publish","type":"post","link":"https:\/\/aragonbilingue.catedu.es\/new\/resolucion-provisional-de-la-convocatoria-a-los-centros-docentes-no-universitarios-sostenidos-con-fondos-publicos-de-la-comunidad-de-aragon-para-participar-en-la-feria-de-ciencias-y-tecnologia-en-leng\/","title":{"rendered":"Resoluci\u00f3n Provisional de la Convocatoria a los Centros docentes no Universitarios Sostenidos con Fondos P\u00fablicos de la Comunidad de Arag\u00f3n para participar en La Feria De Ciencias Y Tecnolog\u00eda en Lenguas Extranjeras en las etapas de Educaci\u00f3n Primaria Y\/O Educaci\u00f3n Secundaria en el Curso 2025-2026"},"content":{"rendered":"\n<div data-wp-interactive=\"core\/file\" class=\"wp-block-file\"><object data-wp-bind--hidden=\"!state.hasPdfPreview\" hidden class=\"wp-block-file__embed\" data=\"https:\/\/aragonbilingue.catedu.es\/new\/wp-content\/uploads\/2026\/04\/CSVUY0M0Z41ID1E0XFIL-Resolucion-Convocatoria-Feria-de-Ciencias-2025-26.pdf\" type=\"application\/pdf\" style=\"width:100%;height:600px\" aria-label=\"Incrustado de CSVUY0M0Z41ID1E0XFIL Resoluci\u00f3n Convocatoria Feria de Ciencias 2025-26.\"><\/object><a id=\"wp-block-file--media-35eafa20-7db1-46a5-9981-a3271cba2dfe\" href=\"https:\/\/aragonbilingue.catedu.es\/new\/wp-content\/uploads\/2026\/04\/CSVUY0M0Z41ID1E0XFIL-Resolucion-Convocatoria-Feria-de-Ciencias-2025-26.pdf\">CSVUY0M0Z41ID1E0XFIL Resoluci\u00f3n Convocatoria Feria de Ciencias 2025-26<\/a><a href=\"https:\/\/aragonbilingue.catedu.es\/new\/wp-content\/uploads\/2026\/04\/CSVUY0M0Z41ID1E0XFIL-Resolucion-Convocatoria-Feria-de-Ciencias-2025-26.pdf\" class=\"wp-block-file__button wp-element-button\" download aria-describedby=\"wp-block-file--media-35eafa20-7db1-46a5-9981-a3271cba2dfe\">Descarga<\/a><\/div>\n\n\n\n<figure class=\"wp-block-image size-full\"><a href=\"https:\/\/educa.aragon.es\/documents\/20126\/0\/CSVPV87LJH2KO1Z0XFIL+Propuesta+Resoluci%C3%B3n+Provisional+FERIA+DE+CIENCIAS_2025_26.pdf\/e26b3b46-79e5-7ff0-a34e-61d167793bc1?t=1775638788767\"><img loading=\"lazy\" decoding=\"async\" width=\"901\" height=\"439\" src=\"https:\/\/aragonbilingue.catedu.es\/new\/wp-content\/uploads\/2026\/04\/thumbnail_image.png\" alt=\"\" class=\"wp-image-6435\" srcset=\"https:\/\/aragonbilingue.catedu.es\/new\/wp-content\/uploads\/2026\/04\/thumbnail_image.png 901w, https:\/\/aragonbilingue.catedu.es\/new\/wp-content\/uploads\/2026\/04\/thumbnail_image-300x146.png 300w, https:\/\/aragonbilingue.catedu.es\/new\/wp-content\/uploads\/2026\/04\/thumbnail_image-768x374.png 768w, https:\/\/aragonbilingue.catedu.es\/new\/wp-content\/uploads\/2026\/04\/thumbnail_image-680x330.png 680w\" sizes=\"auto, (max-width: 901px) 100vw, 901px\" \/><\/a><\/figure>\n","protected":false},"excerpt":{"rendered":"","protected":false},"author":1,"featured_media":0,"comment_status":"closed","ping_status":"closed","sticky":false,"template":"","format":"standard","meta":{"_monsterinsights_skip_tracking":false,"_monsterinsights_sitenote_active":false,"_monsterinsights_sitenote_note":"","_monsterinsights_sitenote_category":0,"_jetpack_memberships_contains_paid_content":false,"footnotes":""},"categories":[34],"tags":[330],"class_list":["post-6431","post","type-post","status-publish","format-standard","hentry","category-feria_ciencias","tag-feria-de-ciencias"],"jetpack_featured_media_url":"","jetpack_sharing_enabled":true,"_links":{"self":[{"href":"https:\/\/aragonbilingue.catedu.es\/new\/wp-json\/wp\/v2\/posts\/6431","targetHints":{"allow":["GET"]}}],"collection":[{"href":"https:\/\/aragonbilingue.catedu.es\/new\/wp-json\/wp\/v2\/posts"}],"about":[{"href":"https:\/\/aragonbilingue.catedu.es\/new\/wp-json\/wp\/v2\/types\/post"}],"author":[{"embeddable":true,"href":"https:\/\/aragonbilingue.catedu.es\/new\/wp-json\/wp\/v2\/users\/1"}],"replies":[{"embeddable":true,"href":"https:\/\/aragonbilingue.catedu.es\/new\/wp-json\/wp\/v2\/comments?post=6431"}],"version-history":[{"count":1,"href":"https:\/\/aragonbilingue.catedu.es\/new\/wp-json\/wp\/v2\/posts\/6431\/revisions"}],"predecessor-version":[{"id":6437,"href":"https:\/\/aragonbilingue.catedu.es\/new\/wp-json\/wp\/v2\/posts\/6431\/revisions\/6437"}],"wp:attachment":[{"href":"https:\/\/aragonbilingue.catedu.es\/new\/wp-json\/wp\/v2\/media?parent=6431"}],"wp:term":[{"taxonomy":"category","embeddable":true,"href":"https:\/\/aragonbilingue.catedu.es\/new\/wp-json\/wp\/v2\/categories?post=6431"},{"taxonomy":"post_tag","embeddable":true,"href":"https:\/\/aragonbilingue.catedu.es\/new\/wp-json\/wp\/v2\/tags?post=6431"}],"curies":[{"name":"wp","href":"https:\/\/api.w.org\/{rel}","templated":true}]}}