{"id":6406,"date":"2026-04-01T12:46:39","date_gmt":"2026-04-01T10:46:39","guid":{"rendered":"https:\/\/aragonbilingue.catedu.es\/new\/?p=6406"},"modified":"2026-04-01T12:49:24","modified_gmt":"2026-04-01T10:49:24","slug":"semana-europea-de-la-juventud","status":"publish","type":"post","link":"https:\/\/aragonbilingue.catedu.es\/new\/semana-europea-de-la-juventud\/","title":{"rendered":"Semana Europea de la Juventud"},"content":{"rendered":"\n<p>Desde el Servicio Espa\u00f1ol para la Internacionalizaci\u00f3n de la Educaci\u00f3n (SEPIE) informan de una nueva iniciativa en el marco de la\u00a0<strong>Semana Europea de la Juventud 2026<\/strong>, que se celebrar\u00e1 del <strong>24 de abril al 1 de mayo.<\/strong><\/p>\n\n\n\n<p>Bajo el lema\u00a0<strong>\u201cJuventud en Acci\u00f3n: Solidaridad y Equidad en 60 segundos\u201d<\/strong>, lanzan un\u00a0<strong>reto<\/strong>\u00a0dirigido a <strong>centros educativos participantes en el programa Erasmus+<\/strong> con el objetivo de promover la participaci\u00f3n activa del alumnado en torno a los valores de la solidaridad, la equidad y la construcci\u00f3n de una Uni\u00f3n Europea m\u00e1s justa e inclusiva.<\/p>\n\n\n\n<p><strong>\u00bfEn qu\u00e9 consiste el reto?<\/strong><br>El alumnado, organizado en grupos, deber\u00e1 crear un v\u00eddeo original en formato reel (m\u00e1ximo 60 segundos) en el que reflexione y proponga ideas sobre el papel de la juventud en una Europa m\u00e1s solidaria. El v\u00eddeo deber\u00e1 publicarse en la cuenta oficial de Instagram del centro educativo, incluyendo el hashtag\u00a0<strong>#SemanaEuropeadelaJuventud26<\/strong>\u00a0y etiquetando a\u00a0<strong>@sepie_gob<\/strong>.<\/p>\n\n\n\n<p><strong>\u00bfQui\u00e9n puede participar?<\/strong><br><strong>Instituciones educativas espa\u00f1olas participantes en Erasmus+, de cualquier sector educativo.<\/strong><\/p>\n\n\n\n<p><strong>Fases clave del reto:<\/strong><\/p>\n\n\n\n<ul class=\"wp-block-list\">\n<li>Env\u00edo del enlace al v\u00eddeo: del <strong>6 al 20 de abril de 2026.<\/strong><\/li>\n\n\n\n<li>Publicaci\u00f3n en Instagram: del <strong>24 al 30 de abril de 2026<\/strong>.<\/li>\n\n\n\n<li>Resoluci\u00f3n: <strong>23 de abril de 2026.<\/strong><\/li>\n<\/ul>\n\n\n\n<p><strong>Env\u00edo de propuestas:<\/strong><br>Las propuestas deber\u00e1n remitirse por correo electr\u00f3nico a\u00a0<a href=\"mailto:comunicacion@erasmusplus.gob.es\"><strong>comunicacion@erasmusplus.gob.es<\/strong><\/a>, indicando en el asunto <strong>\u201cSemana Europea de la Juventud\u201d <\/strong>e incluyendo:<\/p>\n\n\n\n<ul class=\"wp-block-list\">\n<li>Nombre del centro educativo<\/li>\n\n\n\n<li>Localidad<\/li>\n\n\n\n<li>Persona de contacto (nombre, apellidos, email y tel\u00e9fono)<\/li>\n\n\n\n<li>Nombre de la cuenta de Instagram del centro<\/li>\n\n\n\n<li>Enlace al v\u00eddeo (Google Drive, Dropbox, OneDrive, etc., con acceso abierto)<\/li>\n<\/ul>\n\n\n\n<p><strong>Premios:<\/strong><br>Los centros seleccionados recibir\u00e1n material promocional Erasmus+.<\/p>\n\n\n\n<p>Para m\u00e1s informaci\u00f3n, se pueden consultar los&nbsp;<a href=\"https:\/\/eur04.safelinks.protection.outlook.com\/?url=http%3A%2F%2Fsepie.es%2Fcomunicacion%2Fredes.html&amp;data=05%7C02%7Cmaalonsoh%40aragon.es%7Cb39e2692cdb54313391d08de8fda8c84%7C607c4c23f5d2498aaa1424316acbbb93%7C0%7C0%7C639106366016042595%7CUnknown%7CTWFpbGZsb3d8eyJFbXB0eU1hcGkiOnRydWUsIlYiOiIwLjAuMDAwMCIsIlAiOiJXaW4zMiIsIkFOIjoiTWFpbCIsIldUIjoyfQ%3D%3D%7C0%7C%7C%7C&amp;sdata=FKuC7JlybRhJupjED6g8FqvsyZIsJ8RREPKF%2FaOhGGQ%3D&amp;reserved=0\" target=\"_blank\" rel=\"noreferrer noopener\">detalles completos de la convocatoria<\/a>.<\/p>\n\n\n\n<figure class=\"wp-block-image size-full\"><img loading=\"lazy\" decoding=\"async\" width=\"800\" height=\"83\" src=\"https:\/\/aragonbilingue.catedu.es\/new\/wp-content\/uploads\/2026\/04\/european_youth_week.png\" alt=\"\" class=\"wp-image-6407\" srcset=\"https:\/\/aragonbilingue.catedu.es\/new\/wp-content\/uploads\/2026\/04\/european_youth_week.png 800w, https:\/\/aragonbilingue.catedu.es\/new\/wp-content\/uploads\/2026\/04\/european_youth_week-300x31.png 300w, https:\/\/aragonbilingue.catedu.es\/new\/wp-content\/uploads\/2026\/04\/european_youth_week-768x80.png 768w\" sizes=\"auto, (max-width: 800px) 100vw, 800px\" \/><\/figure>\n","protected":false},"excerpt":{"rendered":"<p>Desde el Servicio Espa\u00f1ol para la Internacionalizaci\u00f3n de la Educaci\u00f3n (SEPIE) informan de una nueva iniciativa en el marco de la\u00a0Semana Europea de la Juventud 2026, que se celebrar\u00e1 del 24 de abril al 1 de mayo. Bajo el lema\u00a0\u201cJuventud en Acci\u00f3n: Solidaridad y Equidad en 60 segundos\u201d, lanzan un\u00a0reto\u00a0dirigido a centros educativos participantes en [&hellip;]<\/p>\n","protected":false},"author":1,"featured_media":0,"comment_status":"closed","ping_status":"closed","sticky":false,"template":"","format":"standard","meta":{"_monsterinsights_skip_tracking":false,"_monsterinsights_sitenote_active":false,"_monsterinsights_sitenote_note":"","_monsterinsights_sitenote_category":0,"_jetpack_memberships_contains_paid_content":false,"footnotes":""},"categories":[21,16,305,306,15],"tags":[333],"class_list":["post-6406","post","type-post","status-publish","format-standard","hentry","category-convocatorias","category-erasmusplus","category-ka1","category-ka2","category-programas_europeos","tag-erasmus-2"],"jetpack_featured_media_url":"","jetpack_sharing_enabled":true,"_links":{"self":[{"href":"https:\/\/aragonbilingue.catedu.es\/new\/wp-json\/wp\/v2\/posts\/6406","targetHints":{"allow":["GET"]}}],"collection":[{"href":"https:\/\/aragonbilingue.catedu.es\/new\/wp-json\/wp\/v2\/posts"}],"about":[{"href":"https:\/\/aragonbilingue.catedu.es\/new\/wp-json\/wp\/v2\/types\/post"}],"author":[{"embeddable":true,"href":"https:\/\/aragonbilingue.catedu.es\/new\/wp-json\/wp\/v2\/users\/1"}],"replies":[{"embeddable":true,"href":"https:\/\/aragonbilingue.catedu.es\/new\/wp-json\/wp\/v2\/comments?post=6406"}],"version-history":[{"count":1,"href":"https:\/\/aragonbilingue.catedu.es\/new\/wp-json\/wp\/v2\/posts\/6406\/revisions"}],"predecessor-version":[{"id":6408,"href":"https:\/\/aragonbilingue.catedu.es\/new\/wp-json\/wp\/v2\/posts\/6406\/revisions\/6408"}],"wp:attachment":[{"href":"https:\/\/aragonbilingue.catedu.es\/new\/wp-json\/wp\/v2\/media?parent=6406"}],"wp:term":[{"taxonomy":"category","embeddable":true,"href":"https:\/\/aragonbilingue.catedu.es\/new\/wp-json\/wp\/v2\/categories?post=6406"},{"taxonomy":"post_tag","embeddable":true,"href":"https:\/\/aragonbilingue.catedu.es\/new\/wp-json\/wp\/v2\/tags?post=6406"}],"curies":[{"name":"wp","href":"https:\/\/api.w.org\/{rel}","templated":true}]}}