{"id":6398,"date":"2026-03-25T15:24:18","date_gmt":"2026-03-25T13:24:18","guid":{"rendered":"https:\/\/aragonbilingue.catedu.es\/new\/?p=6398"},"modified":"2026-03-25T15:26:37","modified_gmt":"2026-03-25T13:26:37","slug":"tca-harmony-for-europe-civic-engagementand-eu-values-through-erasmus-fromcommon-values-to-concrete-actions-in-aliving-democracy","status":"publish","type":"post","link":"https:\/\/aragonbilingue.catedu.es\/new\/tca-harmony-for-europe-civic-engagementand-eu-values-through-erasmus-fromcommon-values-to-concrete-actions-in-aliving-democracy\/","title":{"rendered":"TCA: Harmony for Europe: civic engagement and EU values through Erasmus+ \u2013 from common values to concrete actions in a living democracy."},"content":{"rendered":"\n<p>El Servicio Espa\u00f1ol para la Internacionalizaci\u00f3n de la Educaci\u00f3n (SEPIE) selecciona a <strong>2 participantes<\/strong> residentes en Espa\u00f1a.<\/p>\n\n\n\n<p>Destinatarios: <strong>representantes de todos los sectores educativos: Se da prioridad a nuevas instituciones beneficiarias en Erasmus+, as\u00ed como a potenciales solicitantes que demuestren un fuerte inter\u00e9s en la participaci\u00f3n democr\u00e1tica, el compromiso c\u00edvico y los valores de la UE.<\/strong><\/p>\n\n\n\n<p>Objetivo: <strong>fomentar la participaci\u00f3n democr\u00e1tica y los valores europeos mediante un seminario transnacional que combina reflexi\u00f3n te\u00f3rica y aprendizaje pr\u00e1ctico, facilitando a profesionales y personas reci\u00e9n incorporadas a Erasmus+ herramientas para dise\u00f1ar proyectos inclusivos y comprometidos con una Europa basada en valores compartidos<\/strong>.<\/p>\n\n\n\n<p>Lugar: <strong>Lovaina, B\u00e9lgica<\/strong><br>Fecha: del <strong>8 al 11 de septiembre de 2026<\/strong><br>N\u00famero de participantes: 60 participantes de todos los sectores educativos (SE, AE, VET, HE)<br>Idioma de trabajo:<strong> ingl\u00e9s (m\u00ednimo nivel B2)<\/strong><br>El programa oficial de la TCA comenzar\u00e1 el martes 8 de septiembre a las 16:30 y finalizar\u00e1 el<br>viernes 11 de septiembre a las 13:00. <\/p>\n\n\n\n<p><strong>Plazo de solicitud:\u00a010 abril 2026 (12:00, hora de Bruselas)<\/strong><\/p>\n\n\n\n<div data-wp-interactive=\"core\/file\" class=\"wp-block-file\"><object data-wp-bind--hidden=\"!state.hasPdfPreview\" hidden class=\"wp-block-file__embed\" data=\"https:\/\/aragonbilingue.catedu.es\/new\/wp-content\/uploads\/2026\/03\/mas_informacion_lovaina.pdf\" type=\"application\/pdf\" style=\"width:100%;height:600px\" aria-label=\"Incrustado de mas_informacion_lovaina.\"><\/object><a id=\"wp-block-file--media-a7f6bc55-2956-4cae-97bc-cf12778d3d72\" href=\"https:\/\/aragonbilingue.catedu.es\/new\/wp-content\/uploads\/2026\/03\/mas_informacion_lovaina.pdf\">mas_informacion_lovaina<\/a><a href=\"https:\/\/aragonbilingue.catedu.es\/new\/wp-content\/uploads\/2026\/03\/mas_informacion_lovaina.pdf\" class=\"wp-block-file__button wp-element-button\" download aria-describedby=\"wp-block-file--media-a7f6bc55-2956-4cae-97bc-cf12778d3d72\">Descarga<\/a><\/div>\n\n\n\n<p>Enlace: <a href=\"http:\/\/sepie.es\/tca.html\">http:\/\/sepie.es\/tca.html<\/a><\/p>\n","protected":false},"excerpt":{"rendered":"<p>El Servicio Espa\u00f1ol para la Internacionalizaci\u00f3n de la Educaci\u00f3n (SEPIE) selecciona a 2 participantes residentes en Espa\u00f1a. Destinatarios: representantes de todos los sectores educativos: Se da prioridad a nuevas instituciones beneficiarias en Erasmus+, as\u00ed como a potenciales solicitantes que demuestren un fuerte inter\u00e9s en la participaci\u00f3n democr\u00e1tica, el compromiso c\u00edvico y los valores de la [&hellip;]<\/p>\n","protected":false},"author":1,"featured_media":0,"comment_status":"closed","ping_status":"closed","sticky":false,"template":"","format":"standard","meta":{"_monsterinsights_skip_tracking":false,"_monsterinsights_sitenote_active":false,"_monsterinsights_sitenote_note":"","_monsterinsights_sitenote_category":0,"_jetpack_memberships_contains_paid_content":false,"footnotes":""},"categories":[21,29,15,232],"tags":[52],"class_list":["post-6398","post","type-post","status-publish","format-standard","hentry","category-convocatorias","category-formacion","category-programas_europeos","category-tca","tag-erasmus"],"jetpack_featured_media_url":"","jetpack_sharing_enabled":true,"_links":{"self":[{"href":"https:\/\/aragonbilingue.catedu.es\/new\/wp-json\/wp\/v2\/posts\/6398","targetHints":{"allow":["GET"]}}],"collection":[{"href":"https:\/\/aragonbilingue.catedu.es\/new\/wp-json\/wp\/v2\/posts"}],"about":[{"href":"https:\/\/aragonbilingue.catedu.es\/new\/wp-json\/wp\/v2\/types\/post"}],"author":[{"embeddable":true,"href":"https:\/\/aragonbilingue.catedu.es\/new\/wp-json\/wp\/v2\/users\/1"}],"replies":[{"embeddable":true,"href":"https:\/\/aragonbilingue.catedu.es\/new\/wp-json\/wp\/v2\/comments?post=6398"}],"version-history":[{"count":3,"href":"https:\/\/aragonbilingue.catedu.es\/new\/wp-json\/wp\/v2\/posts\/6398\/revisions"}],"predecessor-version":[{"id":6402,"href":"https:\/\/aragonbilingue.catedu.es\/new\/wp-json\/wp\/v2\/posts\/6398\/revisions\/6402"}],"wp:attachment":[{"href":"https:\/\/aragonbilingue.catedu.es\/new\/wp-json\/wp\/v2\/media?parent=6398"}],"wp:term":[{"taxonomy":"category","embeddable":true,"href":"https:\/\/aragonbilingue.catedu.es\/new\/wp-json\/wp\/v2\/categories?post=6398"},{"taxonomy":"post_tag","embeddable":true,"href":"https:\/\/aragonbilingue.catedu.es\/new\/wp-json\/wp\/v2\/tags?post=6398"}],"curies":[{"name":"wp","href":"https:\/\/api.w.org\/{rel}","templated":true}]}}