{"id":6358,"date":"2026-03-06T15:58:51","date_gmt":"2026-03-06T13:58:51","guid":{"rendered":"https:\/\/aragonbilingue.catedu.es\/new\/?p=6358"},"modified":"2026-03-06T15:59:02","modified_gmt":"2026-03-06T13:59:02","slug":"tca-ai-in-education-from-best-practices-to-erasmus-ka2-partnerships","status":"publish","type":"post","link":"https:\/\/aragonbilingue.catedu.es\/new\/tca-ai-in-education-from-best-practices-to-erasmus-ka2-partnerships\/","title":{"rendered":"TCA: \u201cAI in Education: From Best Practices to Erasmus+ KA2 Partnerships"},"content":{"rendered":"\n<p>El Servicio Espa\u00f1ol para la Internacionalizaci\u00f3n de la Educaci\u00f3n (SEPIE) selecciona a 3 participantes residentes en Espa\u00f1a.<\/p>\n\n\n\n<p>Destinatarios:<strong> dirigida exclusivamente a equipos directivos y coordinadores Erasmus+ de centros<br>de Educaci\u00f3n Secundaria que quieran iniciar asociaciones para la cooperaci\u00f3n (K2).<\/strong><\/p>\n\n\n\n<p>Objetivo:<strong> analizar c\u00f3mo la inteligencia artificial est\u00e1 transformando el aprendizaje, la ense\u00f1anza y la cooperaci\u00f3n internacional desde la perspectiva de la pedagog\u00eda digital, promoviendo su integraci\u00f3n estrat\u00e9gica para reforzar competencias digitales y pensamiento cr\u00edtico, atendiendo a sus oportunidades y riesgos<\/strong>.<\/p>\n\n\n\n<p>Lugar: <strong>Tallin, Estonia.<\/strong><br>Fecha: <strong>del 20 al 22 de mayo de 2026<\/strong>.<br>N\u00famero de participantes: <strong>60 participantes de centros de Educaci\u00f3n Secundaria Obligatoria.<\/strong><br>Idioma de trabajo: <strong>ingl\u00e9s (m\u00ednimo nivel B2)<\/strong><\/p>\n\n\n\n<p><strong>Fecha l\u00edmite inscripci\u00f3n: 16 de marzo de 2026 (12:00, hora de Bruselas)<\/strong><\/p>\n\n\n\n<div data-wp-interactive=\"core\/file\" class=\"wp-block-file\"><object data-wp-bind--hidden=\"!state.hasPdfPreview\" hidden class=\"wp-block-file__embed\" data=\"https:\/\/aragonbilingue.catedu.es\/new\/wp-content\/uploads\/2026\/03\/mas_informacion_tallin.pdf\" type=\"application\/pdf\" style=\"width:100%;height:600px\" aria-label=\"Incrustado de mas_informacion_tallin.\"><\/object><a id=\"wp-block-file--media-5b0e5a51-c852-40b3-850c-f8341effadf0\" href=\"https:\/\/aragonbilingue.catedu.es\/new\/wp-content\/uploads\/2026\/03\/mas_informacion_tallin.pdf\">mas_informacion_tallin<\/a><a href=\"https:\/\/aragonbilingue.catedu.es\/new\/wp-content\/uploads\/2026\/03\/mas_informacion_tallin.pdf\" class=\"wp-block-file__button wp-element-button\" download aria-describedby=\"wp-block-file--media-5b0e5a51-c852-40b3-850c-f8341effadf0\">Descarga<\/a><\/div>\n\n\n\n<p>Enlace: <a href=\"http:\/\/sepie.es\/tca.html\">http:\/\/sepie.es\/tca.html<\/a><\/p>\n","protected":false},"excerpt":{"rendered":"<p>El Servicio Espa\u00f1ol para la Internacionalizaci\u00f3n de la Educaci\u00f3n (SEPIE) selecciona a 3 participantes residentes en Espa\u00f1a. Destinatarios: dirigida exclusivamente a equipos directivos y coordinadores Erasmus+ de centrosde Educaci\u00f3n Secundaria que quieran iniciar asociaciones para la cooperaci\u00f3n (K2). Objetivo: analizar c\u00f3mo la inteligencia artificial est\u00e1 transformando el aprendizaje, la ense\u00f1anza y la cooperaci\u00f3n internacional desde [&hellip;]<\/p>\n","protected":false},"author":1,"featured_media":0,"comment_status":"closed","ping_status":"closed","sticky":false,"template":"","format":"standard","meta":{"_monsterinsights_skip_tracking":false,"_monsterinsights_sitenote_active":false,"_monsterinsights_sitenote_note":"","_monsterinsights_sitenote_category":0,"_jetpack_memberships_contains_paid_content":false,"footnotes":""},"categories":[21,16,29,15,232],"tags":[333],"class_list":["post-6358","post","type-post","status-publish","format-standard","hentry","category-convocatorias","category-erasmusplus","category-formacion","category-programas_europeos","category-tca","tag-erasmus-2"],"jetpack_featured_media_url":"","jetpack_sharing_enabled":true,"_links":{"self":[{"href":"https:\/\/aragonbilingue.catedu.es\/new\/wp-json\/wp\/v2\/posts\/6358","targetHints":{"allow":["GET"]}}],"collection":[{"href":"https:\/\/aragonbilingue.catedu.es\/new\/wp-json\/wp\/v2\/posts"}],"about":[{"href":"https:\/\/aragonbilingue.catedu.es\/new\/wp-json\/wp\/v2\/types\/post"}],"author":[{"embeddable":true,"href":"https:\/\/aragonbilingue.catedu.es\/new\/wp-json\/wp\/v2\/users\/1"}],"replies":[{"embeddable":true,"href":"https:\/\/aragonbilingue.catedu.es\/new\/wp-json\/wp\/v2\/comments?post=6358"}],"version-history":[{"count":1,"href":"https:\/\/aragonbilingue.catedu.es\/new\/wp-json\/wp\/v2\/posts\/6358\/revisions"}],"predecessor-version":[{"id":6360,"href":"https:\/\/aragonbilingue.catedu.es\/new\/wp-json\/wp\/v2\/posts\/6358\/revisions\/6360"}],"wp:attachment":[{"href":"https:\/\/aragonbilingue.catedu.es\/new\/wp-json\/wp\/v2\/media?parent=6358"}],"wp:term":[{"taxonomy":"category","embeddable":true,"href":"https:\/\/aragonbilingue.catedu.es\/new\/wp-json\/wp\/v2\/categories?post=6358"},{"taxonomy":"post_tag","embeddable":true,"href":"https:\/\/aragonbilingue.catedu.es\/new\/wp-json\/wp\/v2\/tags?post=6358"}],"curies":[{"name":"wp","href":"https:\/\/api.w.org\/{rel}","templated":true}]}}