{"id":6264,"date":"2026-01-21T15:16:42","date_gmt":"2026-01-21T13:16:42","guid":{"rendered":"https:\/\/aragonbilingue.catedu.es\/new\/?p=6264"},"modified":"2026-01-21T15:16:45","modified_gmt":"2026-01-21T13:16:45","slug":"convocatoria-premios-nacionales-etwinning","status":"publish","type":"post","link":"https:\/\/aragonbilingue.catedu.es\/new\/convocatoria-premios-nacionales-etwinning\/","title":{"rendered":"Convocatoria Premios Nacionales eTwinning"},"content":{"rendered":"\n<p>Publicado la\u00a0<strong>Convocatoria de los Premios Nacionales eTwinning 2026<\/strong>, destinada a reconocer proyectos de colaboraci\u00f3n escolar eTwinning desarrollados en el territorio nacional.<\/p>\n\n\n\n<h3 class=\"wp-block-heading\">\u00bfQui\u00e9n puede participar?<\/h3>\n\n\n\n<p>Podr\u00e1 presentar candidatura el profesorado de ense\u00f1anzas oficiales no universitarias que cumpla los requisitos establecidos en la convocatoria (incluido el&nbsp;Sello de Calidad Nacional eTwinning 2025&nbsp;para el proyecto presentado, y no haber sido premiado en 2023, 2024 o 2025).<\/p>\n\n\n\n<h3 class=\"wp-block-heading\">\u00bfQu\u00e9 incluyen los premios?<\/h3>\n\n\n\n<p>Premios Nacionales a Proyectos de Colaboraci\u00f3n Escolar eTwinning, como reconocimiento a la aportaci\u00f3n de las iniciativas seleccionadas dentro del territorio nacional.<br>Se conceder\u00e1n&nbsp;10 premios, divididos en&nbsp;6 categor\u00edas:<\/p>\n\n\n\n<ul class=\"wp-block-list\">\n<li>Categor\u00eda 1:\u00a0Proyectos con alumnado implicado de\u00a0Educaci\u00f3n Infantil\u00a0\u2014\u00a0<em>2 premios<\/em>.<\/li>\n\n\n\n<li>Categor\u00eda 2:\u00a0Proyectos con alumnado implicado de\u00a0Primaria y Educaci\u00f3n Especial\u00a0\u2014\u00a0<em>2 premios<\/em>.<\/li>\n\n\n\n<li>Categor\u00eda 3:\u00a0Proyectos con alumnado implicado de\u00a0ESO\u00a0\u2014\u00a0<em>2 premios<\/em>.<\/li>\n\n\n\n<li>Categor\u00eda 4:\u00a0Proyectos con alumnado implicado de\u00a0Bachillerato y Ense\u00f1anzas de R\u00e9gimen Especial\u00a0\u2014\u00a0<em>2 premios<\/em>.<\/li>\n\n\n\n<li>Categor\u00eda 5:\u00a0Proyectos con alumnado implicado de\u00a0Formaci\u00f3n Profesional (FP)\u00a0\u2014\u00a0<em>1 premio<\/em>.<\/li>\n\n\n\n<li>Categor\u00eda 6:\u00a0Proyectos con participaci\u00f3n en\u00a0eTwinning y Erasmus+\u00a0\u2014\u00a0<em>1 premio<\/em>.<\/li>\n<\/ul>\n\n\n\n<h3 class=\"wp-block-heading\">Plazo de presentaci\u00f3n<\/h3>\n\n\n\n<p>15 d\u00edas naturales&nbsp;contados desde el primer d\u00eda h\u00e1bil tras la publicaci\u00f3n&nbsp;del extracto en&nbsp;el BOE (del 22 de enero de 2026 a las 00:01 hasta el 05 de febrero de 2026 a las 23:59).<\/p>\n\n\n\n<h3 class=\"wp-block-heading\">M\u00e1s informaci\u00f3n y presentaci\u00f3n de candidaturas<\/h3>\n\n\n\n<ul class=\"wp-block-list\">\n<li>Informaci\u00f3n en\u00a0<a href=\"https:\/\/eur04.safelinks.protection.outlook.com\/?url=https%3A%2F%2Fetwinning.es%2Fpremios-nacionales-etwinning-2026%2F&amp;data=05%7C02%7Cmaalonsoh%40aragon.es%7C3cebde85bd924beb99e408de58e23e9b%7C607c4c23f5d2498aaa1424316acbbb93%7C0%7C0%7C639045925900585610%7CUnknown%7CTWFpbGZsb3d8eyJFbXB0eU1hcGkiOnRydWUsIlYiOiIwLjAuMDAwMCIsIlAiOiJXaW4zMiIsIkFOIjoiTWFpbCIsIldUIjoyfQ%3D%3D%7C0%7C%7C%7C&amp;sdata=eZJptB1wg9ZvsQhjzevPKYLI1QgNb5IHQBvAkQhWaZo%3D&amp;reserved=0\" target=\"_blank\" rel=\"noreferrer noopener\">eTwinning Espa\u00f1a<\/a><\/li>\n\n\n\n<li>Convocatoria oficial en el Ministerio de Educaci\u00f3n, Formaci\u00f3n Profesional y Deportes (<a href=\"https:\/\/eur04.safelinks.protection.outlook.com\/?url=https%3A%2F%2Fwww.educacionfpydeportes.gob.es%2Fservicios-al-ciudadano%2Fcatalogo%2Fgeneral%2F20%2F202799%2Fficha%2F202799-2026.html&amp;data=05%7C02%7Cmaalonsoh%40aragon.es%7C3cebde85bd924beb99e408de58e23e9b%7C607c4c23f5d2498aaa1424316acbbb93%7C0%7C0%7C639045925900625355%7CUnknown%7CTWFpbGZsb3d8eyJFbXB0eU1hcGkiOnRydWUsIlYiOiIwLjAuMDAwMCIsIlAiOiJXaW4zMiIsIkFOIjoiTWFpbCIsIldUIjoyfQ%3D%3D%7C0%7C%7C%7C&amp;sdata=At2YsZLnrj7ZpKvGpvONosiSd080SXiZxZr2O2oPNQQ%3D&amp;reserved=0\" target=\"_blank\" rel=\"noreferrer noopener\">convocatoria 2026<\/a>)<\/li>\n<\/ul>\n\n\n\n<p><\/p>\n","protected":false},"excerpt":{"rendered":"<p>Publicado la\u00a0Convocatoria de los Premios Nacionales eTwinning 2026, destinada a reconocer proyectos de colaboraci\u00f3n escolar eTwinning desarrollados en el territorio nacional. \u00bfQui\u00e9n puede participar? Podr\u00e1 presentar candidatura el profesorado de ense\u00f1anzas oficiales no universitarias que cumpla los requisitos establecidos en la convocatoria (incluido el&nbsp;Sello de Calidad Nacional eTwinning 2025&nbsp;para el proyecto presentado, y no haber [&hellip;]<\/p>\n","protected":false},"author":1,"featured_media":0,"comment_status":"closed","ping_status":"closed","sticky":false,"template":"","format":"standard","meta":{"_monsterinsights_skip_tracking":false,"_monsterinsights_sitenote_active":false,"_monsterinsights_sitenote_note":"","_monsterinsights_sitenote_category":0,"_jetpack_memberships_contains_paid_content":false,"footnotes":""},"categories":[21,19],"tags":[62],"class_list":["post-6264","post","type-post","status-publish","format-standard","hentry","category-convocatorias","category-etwinning","tag-etwinning"],"jetpack_featured_media_url":"","jetpack_sharing_enabled":true,"_links":{"self":[{"href":"https:\/\/aragonbilingue.catedu.es\/new\/wp-json\/wp\/v2\/posts\/6264","targetHints":{"allow":["GET"]}}],"collection":[{"href":"https:\/\/aragonbilingue.catedu.es\/new\/wp-json\/wp\/v2\/posts"}],"about":[{"href":"https:\/\/aragonbilingue.catedu.es\/new\/wp-json\/wp\/v2\/types\/post"}],"author":[{"embeddable":true,"href":"https:\/\/aragonbilingue.catedu.es\/new\/wp-json\/wp\/v2\/users\/1"}],"replies":[{"embeddable":true,"href":"https:\/\/aragonbilingue.catedu.es\/new\/wp-json\/wp\/v2\/comments?post=6264"}],"version-history":[{"count":1,"href":"https:\/\/aragonbilingue.catedu.es\/new\/wp-json\/wp\/v2\/posts\/6264\/revisions"}],"predecessor-version":[{"id":6266,"href":"https:\/\/aragonbilingue.catedu.es\/new\/wp-json\/wp\/v2\/posts\/6264\/revisions\/6266"}],"wp:attachment":[{"href":"https:\/\/aragonbilingue.catedu.es\/new\/wp-json\/wp\/v2\/media?parent=6264"}],"wp:term":[{"taxonomy":"category","embeddable":true,"href":"https:\/\/aragonbilingue.catedu.es\/new\/wp-json\/wp\/v2\/categories?post=6264"},{"taxonomy":"post_tag","embeddable":true,"href":"https:\/\/aragonbilingue.catedu.es\/new\/wp-json\/wp\/v2\/tags?post=6264"}],"curies":[{"name":"wp","href":"https:\/\/api.w.org\/{rel}","templated":true}]}}