{"id":6025,"date":"2025-09-12T09:52:34","date_gmt":"2025-09-12T07:52:34","guid":{"rendered":"https:\/\/aragonbilingue.catedu.es\/new\/?p=6025"},"modified":"2025-09-22T08:46:39","modified_gmt":"2025-09-22T06:46:39","slug":"tcafrom-ka120-to-ka2-a-contactseminar-to-broaden-yourhorizons-adult-education","status":"publish","type":"post","link":"https:\/\/aragonbilingue.catedu.es\/new\/tcafrom-ka120-to-ka2-a-contactseminar-to-broaden-yourhorizons-adult-education\/","title":{"rendered":"TCA: From KA120 to KA2: a contact seminar to broaden your horizons (Adult Education)\u201d"},"content":{"rendered":"\n<figure class=\"wp-block-image size-large\"><img loading=\"lazy\" decoding=\"async\" width=\"1024\" height=\"229\" src=\"https:\/\/aragonbilingue.catedu.es\/new\/wp-content\/uploads\/2025\/09\/carrusel_tca_bergen_2025-1024x229.jpg\" alt=\"\" class=\"wp-image-6028\" srcset=\"https:\/\/aragonbilingue.catedu.es\/new\/wp-content\/uploads\/2025\/09\/carrusel_tca_bergen_2025-1024x229.jpg 1024w, https:\/\/aragonbilingue.catedu.es\/new\/wp-content\/uploads\/2025\/09\/carrusel_tca_bergen_2025-300x67.jpg 300w, https:\/\/aragonbilingue.catedu.es\/new\/wp-content\/uploads\/2025\/09\/carrusel_tca_bergen_2025-768x172.jpg 768w, https:\/\/aragonbilingue.catedu.es\/new\/wp-content\/uploads\/2025\/09\/carrusel_tca_bergen_2025-1536x344.jpg 1536w, https:\/\/aragonbilingue.catedu.es\/new\/wp-content\/uploads\/2025\/09\/carrusel_tca_bergen_2025.jpg 1920w\" sizes=\"auto, (max-width: 1024px) 100vw, 1024px\" \/><\/figure>\n\n\n\n<p>SEPIE selecciona selecciona a 2 participantes.<\/p>\n\n\n\n<p>Destinatarios: <strong>representantes de centros de Educaci\u00f3n de Personas Adultas con acreditaci\u00f3n en el programa Erasmus+ que est\u00e9n interesados en participar en Asociaciones de Cooperaci\u00f3n (KA2)<\/strong>.<\/p>\n\n\n\n<p>Tem\u00e1tica y objetivo: <strong>fortalecer el uso estrat\u00e9gico del programa Erasmus+ entre las instituciones acreditadas de Educaci\u00f3n de Personas Adultas, destacando las oportunidades que ofrecen las Asociaciones para la cooperaci\u00f3n (KA2).<\/strong><\/p>\n\n\n\n<p>Lugar: <strong>Bergen, Noruega<\/strong><br>Fecha: <strong>del 21 al 24 de octubre de 2025<\/strong><\/p>\n\n\n\n<p><strong>Fecha l\u00edmite solicitud: 18 de septiembre de 2025 (23:59, hora de Bruselas)<\/strong><\/p>\n\n\n\n<p>Toda la informaci\u00f3n en el enlace: <a href=\"http:\/\/sepie.es\/doc\/convocatoria\/2025\/TCA\/mas_informacion_bergen.pdf\">http:\/\/sepie.es\/doc\/convocatoria\/2025\/TCA\/mas_informacion_bergen.pdf<\/a><\/p>\n\n\n\n<div data-wp-interactive=\"core\/file\" class=\"wp-block-file\"><object data-wp-bind--hidden=\"!state.hasPdfPreview\" hidden class=\"wp-block-file__embed\" data=\"https:\/\/aragonbilingue.catedu.es\/new\/wp-content\/uploads\/2025\/09\/mas_informacion_bergen.pdf\" type=\"application\/pdf\" style=\"width:100%;height:600px\" aria-label=\"Incrustado de mas_informacion_bergen.\"><\/object><a id=\"wp-block-file--media-3fd85c78-af87-4cfa-a728-0c20c7be1fb3\" href=\"https:\/\/aragonbilingue.catedu.es\/new\/wp-content\/uploads\/2025\/09\/mas_informacion_bergen.pdf\">mas_informacion_bergen<\/a><a href=\"https:\/\/aragonbilingue.catedu.es\/new\/wp-content\/uploads\/2025\/09\/mas_informacion_bergen.pdf\" class=\"wp-block-file__button wp-element-button\" download aria-describedby=\"wp-block-file--media-3fd85c78-af87-4cfa-a728-0c20c7be1fb3\">Descarga<\/a><\/div>\n\n\n\n<p>Programa: <\/p>\n\n\n\n<div data-wp-interactive=\"core\/file\" class=\"wp-block-file\"><object data-wp-bind--hidden=\"!state.hasPdfPreview\" hidden class=\"wp-block-file__embed\" data=\"https:\/\/aragonbilingue.catedu.es\/new\/wp-content\/uploads\/2025\/09\/programa_bergen.pdf\" type=\"application\/pdf\" style=\"width:100%;height:600px\" aria-label=\"Incrustado de programa_bergen.\"><\/object><a id=\"wp-block-file--media-75801232-d8b9-424e-9f7d-edec9aa3078d\" href=\"https:\/\/aragonbilingue.catedu.es\/new\/wp-content\/uploads\/2025\/09\/programa_bergen.pdf\">programa_bergen<\/a><a href=\"https:\/\/aragonbilingue.catedu.es\/new\/wp-content\/uploads\/2025\/09\/programa_bergen.pdf\" class=\"wp-block-file__button wp-element-button\" download aria-describedby=\"wp-block-file--media-75801232-d8b9-424e-9f7d-edec9aa3078d\">Descarga<\/a><\/div>\n","protected":false},"excerpt":{"rendered":"<p>SEPIE selecciona selecciona a 2 participantes. Destinatarios: representantes de centros de Educaci\u00f3n de Personas Adultas con acreditaci\u00f3n en el programa Erasmus+ que est\u00e9n interesados en participar en Asociaciones de Cooperaci\u00f3n (KA2). Tem\u00e1tica y objetivo: fortalecer el uso estrat\u00e9gico del programa Erasmus+ entre las instituciones acreditadas de Educaci\u00f3n de Personas Adultas, destacando las oportunidades que ofrecen [&hellip;]<\/p>\n","protected":false},"author":1,"featured_media":0,"comment_status":"closed","ping_status":"closed","sticky":false,"template":"","format":"standard","meta":{"_monsterinsights_skip_tracking":false,"_monsterinsights_sitenote_active":false,"_monsterinsights_sitenote_note":"","_monsterinsights_sitenote_category":0,"_jetpack_memberships_contains_paid_content":false,"footnotes":""},"categories":[21,16,29,305,306,15,232],"tags":[333],"class_list":["post-6025","post","type-post","status-publish","format-standard","hentry","category-convocatorias","category-erasmusplus","category-formacion","category-ka1","category-ka2","category-programas_europeos","category-tca","tag-erasmus-2"],"jetpack_featured_media_url":"","jetpack_sharing_enabled":true,"_links":{"self":[{"href":"https:\/\/aragonbilingue.catedu.es\/new\/wp-json\/wp\/v2\/posts\/6025","targetHints":{"allow":["GET"]}}],"collection":[{"href":"https:\/\/aragonbilingue.catedu.es\/new\/wp-json\/wp\/v2\/posts"}],"about":[{"href":"https:\/\/aragonbilingue.catedu.es\/new\/wp-json\/wp\/v2\/types\/post"}],"author":[{"embeddable":true,"href":"https:\/\/aragonbilingue.catedu.es\/new\/wp-json\/wp\/v2\/users\/1"}],"replies":[{"embeddable":true,"href":"https:\/\/aragonbilingue.catedu.es\/new\/wp-json\/wp\/v2\/comments?post=6025"}],"version-history":[{"count":2,"href":"https:\/\/aragonbilingue.catedu.es\/new\/wp-json\/wp\/v2\/posts\/6025\/revisions"}],"predecessor-version":[{"id":6056,"href":"https:\/\/aragonbilingue.catedu.es\/new\/wp-json\/wp\/v2\/posts\/6025\/revisions\/6056"}],"wp:attachment":[{"href":"https:\/\/aragonbilingue.catedu.es\/new\/wp-json\/wp\/v2\/media?parent=6025"}],"wp:term":[{"taxonomy":"category","embeddable":true,"href":"https:\/\/aragonbilingue.catedu.es\/new\/wp-json\/wp\/v2\/categories?post=6025"},{"taxonomy":"post_tag","embeddable":true,"href":"https:\/\/aragonbilingue.catedu.es\/new\/wp-json\/wp\/v2\/tags?post=6025"}],"curies":[{"name":"wp","href":"https:\/\/api.w.org\/{rel}","templated":true}]}}