{"id":6012,"date":"2025-09-10T14:51:25","date_gmt":"2025-09-10T12:51:25","guid":{"rendered":"https:\/\/aragonbilingue.catedu.es\/new\/?p=6012"},"modified":"2025-09-10T14:51:27","modified_gmt":"2025-09-10T12:51:27","slug":"erasmus-deporte","status":"publish","type":"post","link":"https:\/\/aragonbilingue.catedu.es\/new\/erasmus-deporte\/","title":{"rendered":"ERASMUS DEPORTE"},"content":{"rendered":"\n<p>El&nbsp;<strong>Instituto de la Juventud (INJUVE)<\/strong>, el&nbsp;<strong>Consejo Superior de Deportes (CSD)<\/strong>&nbsp;y la&nbsp;<strong>Federaci\u00f3n Espa\u00f1ola de Municipios y Provincias (FEMP)<\/strong>&nbsp;han organizado una sesi\u00f3n informativa sobre las&nbsp;<strong>ayudas econ\u00f3micas al deporte<\/strong>&nbsp;procedentes del programa&nbsp;<strong>Erasmus+<\/strong>, en el marco de la&nbsp;<strong>Acci\u00f3n Clave 1: Movilidad del personal en el \u00e1mbito del deporte (KA182)<\/strong>.<\/p>\n\n\n\n<p><strong>Erasmus+ Deporte<\/strong>&nbsp;tiene como objetivo ofrecer al personal de las organizaciones deportivas, especialmente en el \u00e1mbito del deporte de base, la oportunidad de&nbsp;<strong>mejorar sus competencias y cualificaciones, as\u00ed como adquirir nuevas capacidades<\/strong>&nbsp;mediante experiencias de movilidad para el aprendizaje en el extranjero.<\/p>\n\n\n\n<p>Esta acci\u00f3n contribuye tanto al&nbsp;<strong>desarrollo profesional de entrenadores y otros trabajadores<\/strong>&nbsp;\u2014remunerados o voluntarios\u2014 como al&nbsp;<strong>fortalecimiento y crecimiento de las organizaciones deportivas de base<\/strong>.<\/p>\n\n\n\n<p><strong>Los objetivos de la sesi\u00f3n informativa son:<\/strong><\/p>\n\n\n\n<ul class=\"wp-block-list\">\n<li>Conocer las caracter\u00edsticas de esta l\u00ednea de subvenci\u00f3n Acci\u00f3n Clave 1 (objetivos, convocatorias, etc.).<\/li>\n\n\n\n<li>Comprender el proceso de solicitud: qui\u00e9n, c\u00f3mo, cu\u00e1ndo, para qu\u00e9, participantes, actividades, costes subvencionables, etc.<\/li>\n\n\n\n<li>Desarrollar las claves para la definici\u00f3n del proyecto.<\/li>\n\n\n\n<li>Conocer ejemplos de buenas pr\u00e1cticas.<\/li>\n<\/ul>\n\n\n\n<p><strong>Destinatarios\/as:<\/strong><\/p>\n\n\n\n<p>La sesi\u00f3n informativa est\u00e1 dirigida a un amplio colectivo de profesionales vinculados al \u00e1mbito del deporte de base, entre ellos directivos de clubes y federaciones, personal de la Administraci\u00f3n P\u00fablica, gestores deportivos de entidades p\u00fablicas y privadas, educadores, t\u00e9cnicos deportivos y titulados en Ciencias de la Actividad F\u00edsica y del Deporte. Tambi\u00e9n podr\u00e1n participar todas aquellas personas interesadas en explorar oportunidades de financiaci\u00f3n para la promoci\u00f3n de la actividad f\u00edsica y el deporte de base.<\/p>\n\n\n\n<p><strong>Fecha, hora y formato de la formaci\u00f3n:<\/strong>16 de septiembre de 2026 | 10:00h &#8211; 12:30h | Streaming<\/p>\n\n\n\n<p>Adjuntamos el programa y el enlace con m\u00e1s informaci\u00f3n y acceso a la inscripci\u00f3n:&nbsp;<a rel=\"noreferrer noopener\" target=\"_blank\" href=\"https:\/\/eur04.safelinks.protection.outlook.com\/?url=https%3A%2F%2Fprogramaseuropeos.injuve.es%2Ferasmus%2Fnoticias%2Fsesion-informativa-erasmus-deporte-movilidad-del-personal-en-el-ambito-del-deporte&amp;data=05%7C02%7Cmaalonsoh%40aragon.es%7Cf11426efb5c64238d7c808ddf05b50d4%7C607c4c23f5d2498aaa1424316acbbb93%7C0%7C0%7C638930997185124370%7CUnknown%7CTWFpbGZsb3d8eyJFbXB0eU1hcGkiOnRydWUsIlYiOiIwLjAuMDAwMCIsIlAiOiJXaW4zMiIsIkFOIjoiTWFpbCIsIldUIjoyfQ%3D%3D%7C0%7C%7C%7C&amp;sdata=iRKkMvna1VAooEwA1J11BitUh3RFt7mcTEUN%2B9dLAfM%3D&amp;reserved=0\">https:\/\/programaseuropeos.injuve.es\/erasmus\/noticias\/sesion-informativa-erasmus-deporte-movilidad-del-personal-en-el-ambito-del-deporte<\/a><\/p>\n\n\n\n<p>Tambi\u00e9n aparece en redes sociales, como Instagram:&nbsp;<a rel=\"noreferrer noopener\" target=\"_blank\" href=\"https:\/\/eur04.safelinks.protection.outlook.com\/?url=https%3A%2F%2Fwww.instagram.com%2Fp%2FDOaZdnwjApj%2F%3Futm_source%3Dig_web_copy_link%26igsh%3DMzRlODBiNWFlZA%3D%3D&amp;data=05%7C02%7Cmaalonsoh%40aragon.es%7Cf11426efb5c64238d7c808ddf05b50d4%7C607c4c23f5d2498aaa1424316acbbb93%7C0%7C0%7C638930997185146134%7CUnknown%7CTWFpbGZsb3d8eyJFbXB0eU1hcGkiOnRydWUsIlYiOiIwLjAuMDAwMCIsIlAiOiJXaW4zMiIsIkFOIjoiTWFpbCIsIldUIjoyfQ%3D%3D%7C0%7C%7C%7C&amp;sdata=mF6tym3e2GpfwgDjkkwIiyvpIhoQgbuyXPAlLXeVZkY%3D&amp;reserved=0\">https:\/\/www.instagram.com\/p\/DOaZdnwjApj\/?utm_source=ig_web_copy_link&amp;igsh=MzRlODBiNWFlZA==<\/a><\/p>\n\n\n\n<p>PROGRAMA:<\/p>\n\n\n\n<div data-wp-interactive=\"core\/file\" class=\"wp-block-file\"><object data-wp-bind--hidden=\"!state.hasPdfPreview\" hidden class=\"wp-block-file__embed\" data=\"https:\/\/aragonbilingue.catedu.es\/new\/wp-content\/uploads\/2025\/09\/programa-sesion-informativa-erasmus-deporte_sept2025.pdf\" type=\"application\/pdf\" style=\"width:100%;height:600px\" aria-label=\"Incrustado de programa sesi\u00f3n informativa erasmus+ deporte_sept2025.\"><\/object><a id=\"wp-block-file--media-b9a3b5c8-429b-4b24-b904-ff568fe57026\" href=\"https:\/\/aragonbilingue.catedu.es\/new\/wp-content\/uploads\/2025\/09\/programa-sesion-informativa-erasmus-deporte_sept2025.pdf\">programa sesi\u00f3n informativa erasmus+ deporte_sept2025<\/a><a href=\"https:\/\/aragonbilingue.catedu.es\/new\/wp-content\/uploads\/2025\/09\/programa-sesion-informativa-erasmus-deporte_sept2025.pdf\" class=\"wp-block-file__button wp-element-button\" download aria-describedby=\"wp-block-file--media-b9a3b5c8-429b-4b24-b904-ff568fe57026\">Descarga<\/a><\/div>\n","protected":false},"excerpt":{"rendered":"<p>El&nbsp;Instituto de la Juventud (INJUVE), el&nbsp;Consejo Superior de Deportes (CSD)&nbsp;y la&nbsp;Federaci\u00f3n Espa\u00f1ola de Municipios y Provincias (FEMP)&nbsp;han organizado una sesi\u00f3n informativa sobre las&nbsp;ayudas econ\u00f3micas al deporte&nbsp;procedentes del programa&nbsp;Erasmus+, en el marco de la&nbsp;Acci\u00f3n Clave 1: Movilidad del personal en el \u00e1mbito del deporte (KA182). Erasmus+ Deporte&nbsp;tiene como objetivo ofrecer al personal de las organizaciones deportivas, [&hellip;]<\/p>\n","protected":false},"author":1,"featured_media":0,"comment_status":"closed","ping_status":"closed","sticky":false,"template":"","format":"standard","meta":{"_monsterinsights_skip_tracking":false,"_monsterinsights_sitenote_active":false,"_monsterinsights_sitenote_note":"","_monsterinsights_sitenote_category":0,"_jetpack_memberships_contains_paid_content":false,"footnotes":""},"categories":[21,16,15],"tags":[333],"class_list":["post-6012","post","type-post","status-publish","format-standard","hentry","category-convocatorias","category-erasmusplus","category-programas_europeos","tag-erasmus-2"],"jetpack_featured_media_url":"","jetpack_sharing_enabled":true,"_links":{"self":[{"href":"https:\/\/aragonbilingue.catedu.es\/new\/wp-json\/wp\/v2\/posts\/6012","targetHints":{"allow":["GET"]}}],"collection":[{"href":"https:\/\/aragonbilingue.catedu.es\/new\/wp-json\/wp\/v2\/posts"}],"about":[{"href":"https:\/\/aragonbilingue.catedu.es\/new\/wp-json\/wp\/v2\/types\/post"}],"author":[{"embeddable":true,"href":"https:\/\/aragonbilingue.catedu.es\/new\/wp-json\/wp\/v2\/users\/1"}],"replies":[{"embeddable":true,"href":"https:\/\/aragonbilingue.catedu.es\/new\/wp-json\/wp\/v2\/comments?post=6012"}],"version-history":[{"count":1,"href":"https:\/\/aragonbilingue.catedu.es\/new\/wp-json\/wp\/v2\/posts\/6012\/revisions"}],"predecessor-version":[{"id":6014,"href":"https:\/\/aragonbilingue.catedu.es\/new\/wp-json\/wp\/v2\/posts\/6012\/revisions\/6014"}],"wp:attachment":[{"href":"https:\/\/aragonbilingue.catedu.es\/new\/wp-json\/wp\/v2\/media?parent=6012"}],"wp:term":[{"taxonomy":"category","embeddable":true,"href":"https:\/\/aragonbilingue.catedu.es\/new\/wp-json\/wp\/v2\/categories?post=6012"},{"taxonomy":"post_tag","embeddable":true,"href":"https:\/\/aragonbilingue.catedu.es\/new\/wp-json\/wp\/v2\/tags?post=6012"}],"curies":[{"name":"wp","href":"https:\/\/api.w.org\/{rel}","templated":true}]}}