{"id":5985,"date":"2025-09-02T12:41:37","date_gmt":"2025-09-02T10:41:37","guid":{"rendered":"https:\/\/aragonbilingue.catedu.es\/new\/?p=5985"},"modified":"2025-09-02T12:44:45","modified_gmt":"2025-09-02T10:44:45","slug":"tca-digital-inclusion-joining-forces-for-an-inclusive-digital-society","status":"publish","type":"post","link":"https:\/\/aragonbilingue.catedu.es\/new\/tca-digital-inclusion-joining-forces-for-an-inclusive-digital-society\/","title":{"rendered":"TCA: Digital Inclusion \u2013 joining forces for an inclusive digital society."},"content":{"rendered":"\n<figure class=\"wp-block-gallery has-nested-images columns-default is-cropped wp-block-gallery-1 is-layout-flex wp-block-gallery-is-layout-flex\">\n<figure class=\"wp-block-image size-large\"><img loading=\"lazy\" decoding=\"async\" width=\"1024\" height=\"229\" data-id=\"5986\" src=\"https:\/\/aragonbilingue.catedu.es\/new\/wp-content\/uploads\/2025\/09\/carrusel_tca_hilversum_2025-1024x229.jpg\" alt=\"\" class=\"wp-image-5986\" srcset=\"https:\/\/aragonbilingue.catedu.es\/new\/wp-content\/uploads\/2025\/09\/carrusel_tca_hilversum_2025-1024x229.jpg 1024w, https:\/\/aragonbilingue.catedu.es\/new\/wp-content\/uploads\/2025\/09\/carrusel_tca_hilversum_2025-300x67.jpg 300w, https:\/\/aragonbilingue.catedu.es\/new\/wp-content\/uploads\/2025\/09\/carrusel_tca_hilversum_2025-768x172.jpg 768w, https:\/\/aragonbilingue.catedu.es\/new\/wp-content\/uploads\/2025\/09\/carrusel_tca_hilversum_2025-1536x344.jpg 1536w, https:\/\/aragonbilingue.catedu.es\/new\/wp-content\/uploads\/2025\/09\/carrusel_tca_hilversum_2025.jpg 1920w\" sizes=\"auto, (max-width: 1024px) 100vw, 1024px\" \/><\/figure>\n<\/figure>\n\n\n\n<p>SEPIE, Agencia Nacional del programa Erasmus+ de la Uni\u00f3n Europea en el \u00e1mbito de la educaci\u00f3n y la formaci\u00f3n en Espa\u00f1a, selecciona a\u00a0<strong>3 participantes<\/strong>.<\/p>\n\n\n\n<p><strong>DESTINATARIOS<\/strong>: profesionales de la Educaci\u00f3n de Personas Adultas de los pa\u00edses del programa Erasmus+.<\/p>\n\n\n\n<p><strong>TEM\u00c1TICA<\/strong>: Inclusi\u00f3n digital, reducci\u00f3n de la brecha digital.<\/p>\n\n\n\n<p><strong>Hilversum, Pa\u00edses Bajos NL01<br>del 23 al 26 de noviembre de 2025<br>Fecha l\u00edmite solicitud: 15 de septiembre de 2025 (23:59, hora de Bruselas)<\/strong><\/p>\n\n\n\n<p>ENLACE CON TODA LA INFORMACI\u00d3N: <a href=\"https:\/\/sepie.es\/tca.html\">https:\/\/sepie.es\/tca.htm<\/a><\/p>\n\n\n\n<p>PROGRAMA:<\/p>\n\n\n\n<div data-wp-interactive=\"core\/file\" class=\"wp-block-file\"><object data-wp-bind--hidden=\"!state.hasPdfPreview\" hidden class=\"wp-block-file__embed\" data=\"https:\/\/aragonbilingue.catedu.es\/new\/wp-content\/uploads\/2025\/09\/mas_informacion_hilversum.pdf\" type=\"application\/pdf\" style=\"width:100%;height:600px\" aria-label=\"Incrustado de mas_informacion_hilversum.\"><\/object><a id=\"wp-block-file--media-82690ff6-2a31-4456-adc0-1d98b865bbd9\" href=\"https:\/\/aragonbilingue.catedu.es\/new\/wp-content\/uploads\/2025\/09\/mas_informacion_hilversum.pdf\">mas_informacion_hilversum<\/a><a href=\"https:\/\/aragonbilingue.catedu.es\/new\/wp-content\/uploads\/2025\/09\/mas_informacion_hilversum.pdf\" class=\"wp-block-file__button wp-element-button\" download aria-describedby=\"wp-block-file--media-82690ff6-2a31-4456-adc0-1d98b865bbd9\">Descarga<\/a><\/div>\n","protected":false},"excerpt":{"rendered":"<p>SEPIE, Agencia Nacional del programa Erasmus+ de la Uni\u00f3n Europea en el \u00e1mbito de la educaci\u00f3n y la formaci\u00f3n en Espa\u00f1a, selecciona a\u00a03 participantes. DESTINATARIOS: profesionales de la Educaci\u00f3n de Personas Adultas de los pa\u00edses del programa Erasmus+. TEM\u00c1TICA: Inclusi\u00f3n digital, reducci\u00f3n de la brecha digital. Hilversum, Pa\u00edses Bajos NL01del 23 al 26 de noviembre [&hellip;]<\/p>\n","protected":false},"author":1,"featured_media":0,"comment_status":"closed","ping_status":"closed","sticky":false,"template":"","format":"standard","meta":{"_monsterinsights_skip_tracking":false,"_monsterinsights_sitenote_active":false,"_monsterinsights_sitenote_note":"","_monsterinsights_sitenote_category":0,"_jetpack_memberships_contains_paid_content":false,"footnotes":""},"categories":[1,21,29,15,232],"tags":[333],"class_list":["post-5985","post","type-post","status-publish","format-standard","hentry","category-blog","category-convocatorias","category-formacion","category-programas_europeos","category-tca","tag-erasmus-2"],"jetpack_featured_media_url":"","jetpack_sharing_enabled":true,"_links":{"self":[{"href":"https:\/\/aragonbilingue.catedu.es\/new\/wp-json\/wp\/v2\/posts\/5985","targetHints":{"allow":["GET"]}}],"collection":[{"href":"https:\/\/aragonbilingue.catedu.es\/new\/wp-json\/wp\/v2\/posts"}],"about":[{"href":"https:\/\/aragonbilingue.catedu.es\/new\/wp-json\/wp\/v2\/types\/post"}],"author":[{"embeddable":true,"href":"https:\/\/aragonbilingue.catedu.es\/new\/wp-json\/wp\/v2\/users\/1"}],"replies":[{"embeddable":true,"href":"https:\/\/aragonbilingue.catedu.es\/new\/wp-json\/wp\/v2\/comments?post=5985"}],"version-history":[{"count":1,"href":"https:\/\/aragonbilingue.catedu.es\/new\/wp-json\/wp\/v2\/posts\/5985\/revisions"}],"predecessor-version":[{"id":5988,"href":"https:\/\/aragonbilingue.catedu.es\/new\/wp-json\/wp\/v2\/posts\/5985\/revisions\/5988"}],"wp:attachment":[{"href":"https:\/\/aragonbilingue.catedu.es\/new\/wp-json\/wp\/v2\/media?parent=5985"}],"wp:term":[{"taxonomy":"category","embeddable":true,"href":"https:\/\/aragonbilingue.catedu.es\/new\/wp-json\/wp\/v2\/categories?post=5985"},{"taxonomy":"post_tag","embeddable":true,"href":"https:\/\/aragonbilingue.catedu.es\/new\/wp-json\/wp\/v2\/tags?post=5985"}],"curies":[{"name":"wp","href":"https:\/\/api.w.org\/{rel}","templated":true}]}}