{"id":5962,"date":"2025-08-14T09:49:42","date_gmt":"2025-08-14T07:49:42","guid":{"rendered":"https:\/\/aragonbilingue.catedu.es\/new\/?p=5962"},"modified":"2025-08-14T09:49:44","modified_gmt":"2025-08-14T07:49:44","slug":"convocatoria-abierta-de-buenas-practicas-lanzada-por-la-comision-europea","status":"publish","type":"post","link":"https:\/\/aragonbilingue.catedu.es\/new\/convocatoria-abierta-de-buenas-practicas-lanzada-por-la-comision-europea\/","title":{"rendered":"Convocatoria abierta de buenas pr\u00e1cticas lanzada por la Comisi\u00f3n Europea"},"content":{"rendered":"\n<p><strong>Convocatoria abierta de buenas pr\u00e1cticas lanzada por la Comisi\u00f3n Europea<\/strong>:<\/p>\n\n\n\n<p><strong>Busca ejemplos inspiradores de colaboraci\u00f3n entre centros educativos, artistas y organizaciones culturales que fomenten la participaci\u00f3n c\u00edvica del alumnado, refuercen sus actitudes democr\u00e1ticas y promuevan su implicaci\u00f3n en la vida c\u00edvica y democr\u00e1tica, a trav\u00e9s de experiencias art\u00edsticas y culturales participativas dentro y fuera de los centros educativos.<\/strong><\/p>\n\n\n\n<p>Se buscan buenas pr\u00e1cticas:<\/p>\n\n\n\n<p>En centros educativos tanto de <strong>Primaria (para alumnado de m\u00e1s de 10 a\u00f1os), Secundaria y FP<\/strong>.<\/p>\n\n\n\n<p>En entornos educativos formales, no formales y\/o informales.<\/p>\n\n\n\n<p>\ud83d\udcc5&nbsp;<strong>Plazo para enviar propuestas<\/strong>: hasta el 31 de octubre de 2025.<\/p>\n\n\n\n<p>\ud83d\udcc4&nbsp;<strong><u><a href=\"https:\/\/eur04.safelinks.protection.outlook.com\/?url=https%3A%2F%2Fec.europa.eu%2Feusurvey%2Frunner%2FOpenCallCitizenEdu&amp;data=05%7C02%7Cerasmus.edu%40aragon.es%7Cc9e95eb77c164914cff908dddb0570ae%7C607c4c23f5d2498aaa1424316acbbb93%7C0%7C0%7C638907538582787078%7CUnknown%7CTWFpbGZsb3d8eyJFbXB0eU1hcGkiOnRydWUsIlYiOiIwLjAuMDAwMCIsIlAiOiJXaW4zMiIsIkFOIjoiTWFpbCIsIldUIjoyfQ%3D%3D%7C0%7C%7C%7C&amp;sdata=aPlvec5fjvsqjp4j1eJnwp%2BIB9SwpQcQxR12t1wLPjc%3D&amp;reserved=0\">Formulario<\/a><\/u><\/strong><\/p>\n\n\n\n<p>&nbsp;&nbsp;\u2139\ufe0f<a href=\"https:\/\/visionaryanalytics-my.sharepoint.com\/personal\/martyna_visionary_lt\/_layouts\/15\/onedrive.aspx?id=%2fpersonal%2fmartyna_visionary_lt%2fDocuments%2fProject+and+Open+Call+for+Good+Practices+description.pdf&amp;parent=%2fpersonal%2fmartyna_visionary_lt%2fDocuments&amp;ga=1&amp;xsdata=MDV8MDJ8ZXJhc211cy5lZHVAYXJhZ29uLmVzfGM5ZTk1ZWI3N2MxNjQ5MTRjZmY5MDhkZGRiMDU3MGFlfDYwN2M0YzIzZjVkMjQ5OGFhYTE0MjQzMTZhY2JiYjkzfDB8MHw2Mzg5MDc1Mzg1ODI4MDY3MjZ8VW5rbm93bnxUV0ZwYkdac2IzZDhleUpGYlhCMGVVMWhjR2tpT25SeWRXVXNJbFlpT2lJd0xqQXVNREF3TUNJc0lsQWlPaUpYYVc0ek1pSXNJa0ZPSWpvaVRXRnBiQ0lzSWxkVUlqb3lmUT09fDB8fHw%3d&amp;sdata=VWFrUmljU3BtYmF3SHlyNmtHRFlMWkVSUWZEa21YWkp0a3VSc0RzV1kwWT0%3d\">&nbsp;<\/a><strong><u><a href=\"https:\/\/visionaryanalytics-my.sharepoint.com\/personal\/martyna_visionary_lt\/_layouts\/15\/onedrive.aspx?id=%2fpersonal%2fmartyna_visionary_lt%2fDocuments%2fProject+and+Open+Call+for+Good+Practices+description.pdf&amp;parent=%2fpersonal%2fmartyna_visionary_lt%2fDocuments&amp;ga=1&amp;xsdata=MDV8MDJ8ZXJhc211cy5lZHVAYXJhZ29uLmVzfGM5ZTk1ZWI3N2MxNjQ5MTRjZmY5MDhkZGRiMDU3MGFlfDYwN2M0YzIzZjVkMjQ5OGFhYTE0MjQzMTZhY2JiYjkzfDB8MHw2Mzg5MDc1Mzg1ODI4MTg3Njh8VW5rbm93bnxUV0ZwYkdac2IzZDhleUpGYlhCMGVVMWhjR2tpT25SeWRXVXNJbFlpT2lJd0xqQXVNREF3TUNJc0lsQWlPaUpYYVc0ek1pSXNJa0ZPSWpvaVRXRnBiQ0lzSWxkVUlqb3lmUT09fDB8fHw%3d&amp;sdata=a0oxeDYwMEQ0NVRqcXZnRHpYQmN2MWZaR1hXMDFnME5ZWkZEQnFDZFpCMD0%3d\">M\u00e1s informaci\u00f3n<\/a><\/u><\/strong><strong>&nbsp;sobre esta convocatoria<\/strong><\/p>\n\n\n\n<p>Los ejemplos seleccionados se incluir\u00e1n en un Compendio de buenas pr\u00e1cticas que ser\u00e1 publicado y difundido por la Comisi\u00f3n Europea, contribuyendo a inspirar pol\u00edticas y pr\u00e1cticas en toda la UE.<\/p>\n","protected":false},"excerpt":{"rendered":"<p>Convocatoria abierta de buenas pr\u00e1cticas lanzada por la Comisi\u00f3n Europea: Busca ejemplos inspiradores de colaboraci\u00f3n entre centros educativos, artistas y organizaciones culturales que fomenten la participaci\u00f3n c\u00edvica del alumnado, refuercen sus actitudes democr\u00e1ticas y promuevan su implicaci\u00f3n en la vida c\u00edvica y democr\u00e1tica, a trav\u00e9s de experiencias art\u00edsticas y culturales participativas dentro y fuera de [&hellip;]<\/p>\n","protected":false},"author":1,"featured_media":0,"comment_status":"closed","ping_status":"closed","sticky":false,"template":"","format":"standard","meta":{"_monsterinsights_skip_tracking":false,"_monsterinsights_sitenote_active":false,"_monsterinsights_sitenote_note":"","_monsterinsights_sitenote_category":0,"_jetpack_memberships_contains_paid_content":false,"footnotes":""},"categories":[21,15],"tags":[],"class_list":["post-5962","post","type-post","status-publish","format-standard","hentry","category-convocatorias","category-programas_europeos"],"jetpack_featured_media_url":"","jetpack_sharing_enabled":true,"_links":{"self":[{"href":"https:\/\/aragonbilingue.catedu.es\/new\/wp-json\/wp\/v2\/posts\/5962","targetHints":{"allow":["GET"]}}],"collection":[{"href":"https:\/\/aragonbilingue.catedu.es\/new\/wp-json\/wp\/v2\/posts"}],"about":[{"href":"https:\/\/aragonbilingue.catedu.es\/new\/wp-json\/wp\/v2\/types\/post"}],"author":[{"embeddable":true,"href":"https:\/\/aragonbilingue.catedu.es\/new\/wp-json\/wp\/v2\/users\/1"}],"replies":[{"embeddable":true,"href":"https:\/\/aragonbilingue.catedu.es\/new\/wp-json\/wp\/v2\/comments?post=5962"}],"version-history":[{"count":1,"href":"https:\/\/aragonbilingue.catedu.es\/new\/wp-json\/wp\/v2\/posts\/5962\/revisions"}],"predecessor-version":[{"id":5963,"href":"https:\/\/aragonbilingue.catedu.es\/new\/wp-json\/wp\/v2\/posts\/5962\/revisions\/5963"}],"wp:attachment":[{"href":"https:\/\/aragonbilingue.catedu.es\/new\/wp-json\/wp\/v2\/media?parent=5962"}],"wp:term":[{"taxonomy":"category","embeddable":true,"href":"https:\/\/aragonbilingue.catedu.es\/new\/wp-json\/wp\/v2\/categories?post=5962"},{"taxonomy":"post_tag","embeddable":true,"href":"https:\/\/aragonbilingue.catedu.es\/new\/wp-json\/wp\/v2\/tags?post=5962"}],"curies":[{"name":"wp","href":"https:\/\/api.w.org\/{rel}","templated":true}]}}