{"id":5861,"date":"2025-06-03T09:03:47","date_gmt":"2025-06-03T07:03:47","guid":{"rendered":"https:\/\/aragonbilingue.catedu.es\/new\/?p=5861"},"modified":"2025-06-03T09:03:50","modified_gmt":"2025-06-03T07:03:50","slug":"tca-contact-seminar-civic-engagement-european-values-inclusion-and-newcomers","status":"publish","type":"post","link":"https:\/\/aragonbilingue.catedu.es\/new\/tca-contact-seminar-civic-engagement-european-values-inclusion-and-newcomers\/","title":{"rendered":"TCA: Contact Seminar: Civic Engagement, European Values, Inclusion, and Newcomers."},"content":{"rendered":"\n<p>SEPIE selecciona a\u00a0<strong>4 participantes<\/strong>.<\/p>\n\n\n\n<p>Destinatarios: beneficiarios del programa Erasmus+, especialmente a los reci\u00e9n llegados, de los sectores de <strong>Educaci\u00f3n Escolar<\/strong> y de <strong>Educaci\u00f3n para Personas Adultas.<\/strong><\/p>\n\n\n\n<p><strong>Objetivos<\/strong>: proporcionar una oportunidad para el intercambio y la creaci\u00f3n de redes entre las organizaciones educativas y partes interesadas para desarrollar nuevos proyectos Erasmus+ (KA1 y KA2) en los sectores de SCH y AE.<\/p>\n\n\n\n<p><strong>Lugar:<\/strong>&nbsp;Cagliari, Italia.<\/p>\n\n\n\n<p><strong>Fecha:<\/strong>&nbsp;del 16 al 19 de septiembre de 2025.<\/p>\n\n\n\n<p><strong>N\u00famero de participantes:<\/strong>&nbsp;80 participantes.<\/p>\n\n\n\n<p><strong>Idioma de trabajo:<\/strong>&nbsp;ingl\u00e9s (m\u00ednimo nivel B2).<\/p>\n\n\n\n<p><strong>Fecha l\u00edmite solicitud: 09 de junio de 2025 (12:00, hora de Bruselas)<\/strong><\/p>\n\n\n\n<p>Toda la informaci\u00f3n en el enlace: <a href=\"http:\/\/sepie.es\/tca.html\">http:\/\/sepie.es\/tca.html<\/a><\/p>\n\n\n\n<figure class=\"wp-block-image size-full\"><img loading=\"lazy\" decoding=\"async\" width=\"431\" height=\"431\" src=\"https:\/\/aragonbilingue.catedu.es\/new\/wp-content\/uploads\/2025\/06\/thumbnail_image003.jpg\" alt=\"\" class=\"wp-image-5862\" srcset=\"https:\/\/aragonbilingue.catedu.es\/new\/wp-content\/uploads\/2025\/06\/thumbnail_image003.jpg 431w, https:\/\/aragonbilingue.catedu.es\/new\/wp-content\/uploads\/2025\/06\/thumbnail_image003-300x300.jpg 300w, https:\/\/aragonbilingue.catedu.es\/new\/wp-content\/uploads\/2025\/06\/thumbnail_image003-150x150.jpg 150w, https:\/\/aragonbilingue.catedu.es\/new\/wp-content\/uploads\/2025\/06\/thumbnail_image003-50x50.jpg 50w, https:\/\/aragonbilingue.catedu.es\/new\/wp-content\/uploads\/2025\/06\/thumbnail_image003-80x80.jpg 80w\" sizes=\"auto, (max-width: 431px) 100vw, 431px\" \/><\/figure>\n","protected":false},"excerpt":{"rendered":"<p>SEPIE selecciona a\u00a04 participantes. Destinatarios: beneficiarios del programa Erasmus+, especialmente a los reci\u00e9n llegados, de los sectores de Educaci\u00f3n Escolar y de Educaci\u00f3n para Personas Adultas. Objetivos: proporcionar una oportunidad para el intercambio y la creaci\u00f3n de redes entre las organizaciones educativas y partes interesadas para desarrollar nuevos proyectos Erasmus+ (KA1 y KA2) en los [&hellip;]<\/p>\n","protected":false},"author":1,"featured_media":0,"comment_status":"closed","ping_status":"closed","sticky":false,"template":"","format":"standard","meta":{"_monsterinsights_skip_tracking":false,"_monsterinsights_sitenote_active":false,"_monsterinsights_sitenote_note":"","_monsterinsights_sitenote_category":0,"_jetpack_memberships_contains_paid_content":false,"footnotes":""},"categories":[21,16,29,15,232],"tags":[],"class_list":["post-5861","post","type-post","status-publish","format-standard","hentry","category-convocatorias","category-erasmusplus","category-formacion","category-programas_europeos","category-tca"],"jetpack_featured_media_url":"","jetpack_sharing_enabled":true,"_links":{"self":[{"href":"https:\/\/aragonbilingue.catedu.es\/new\/wp-json\/wp\/v2\/posts\/5861","targetHints":{"allow":["GET"]}}],"collection":[{"href":"https:\/\/aragonbilingue.catedu.es\/new\/wp-json\/wp\/v2\/posts"}],"about":[{"href":"https:\/\/aragonbilingue.catedu.es\/new\/wp-json\/wp\/v2\/types\/post"}],"author":[{"embeddable":true,"href":"https:\/\/aragonbilingue.catedu.es\/new\/wp-json\/wp\/v2\/users\/1"}],"replies":[{"embeddable":true,"href":"https:\/\/aragonbilingue.catedu.es\/new\/wp-json\/wp\/v2\/comments?post=5861"}],"version-history":[{"count":1,"href":"https:\/\/aragonbilingue.catedu.es\/new\/wp-json\/wp\/v2\/posts\/5861\/revisions"}],"predecessor-version":[{"id":5863,"href":"https:\/\/aragonbilingue.catedu.es\/new\/wp-json\/wp\/v2\/posts\/5861\/revisions\/5863"}],"wp:attachment":[{"href":"https:\/\/aragonbilingue.catedu.es\/new\/wp-json\/wp\/v2\/media?parent=5861"}],"wp:term":[{"taxonomy":"category","embeddable":true,"href":"https:\/\/aragonbilingue.catedu.es\/new\/wp-json\/wp\/v2\/categories?post=5861"},{"taxonomy":"post_tag","embeddable":true,"href":"https:\/\/aragonbilingue.catedu.es\/new\/wp-json\/wp\/v2\/tags?post=5861"}],"curies":[{"name":"wp","href":"https:\/\/api.w.org\/{rel}","templated":true}]}}