{"id":5694,"date":"2025-04-11T09:01:32","date_gmt":"2025-04-11T07:01:32","guid":{"rendered":"https:\/\/aragonbilingue.catedu.es\/new\/?p=5694"},"modified":"2025-04-11T09:02:46","modified_gmt":"2025-04-11T07:02:46","slug":"infoday-europass-2025","status":"publish","type":"post","link":"https:\/\/aragonbilingue.catedu.es\/new\/infoday-europass-2025\/","title":{"rendered":"Infoday Europass 2025"},"content":{"rendered":"\n<p>Inscr\u00edbete y participa en <strong>Infoday Europass 2025<\/strong>, \u201c<strong>20 a\u00f1os potenciando la movilidad y empleabilidad en Europa\u201d.<\/strong><\/p>\n\n\n\n<p>El <strong>13 de mayo<\/strong> se celebra la jornada de difusi\u00f3n nacional de Europass, donde se expondr\u00e1n las novedades y utilidades del portal Europass para estudiantes y profesionales, as\u00ed como las oportunidades que otras redes europeas de movilidad ofrecen a los ciudadanos (Euroguidance, EURES, Eurodesk, ENIC-NARIC).<\/p>\n\n\n\n<p>Lugar de celebraci\u00f3n<strong>:<\/strong>\u00a0<strong>Ministerio de Ciencia, Innovaci\u00f3n y Universidades.<\/strong><\/p>\n\n\n\n<p>Enlace a la inscripci\u00f3n: <a href=\"https:\/\/sepie.erasmusplus.gob.es\/comunica\/2025\/infoday_europass\/\">https:\/\/sepie.erasmusplus.gob.es\/comunica\/2025\/infoday_europass\/<\/a><\/p>\n\n\n\n<p>Programa<\/p>\n\n\n\n<div data-wp-interactive=\"core\/file\" class=\"wp-block-file\"><object data-wp-bind--hidden=\"!state.hasPdfPreview\" hidden class=\"wp-block-file__embed\" data=\"https:\/\/aragonbilingue.catedu.es\/new\/wp-content\/uploads\/2025\/04\/programa.pdf\" type=\"application\/pdf\" style=\"width:100%;height:600px\" aria-label=\"Incrustado de programa.\"><\/object><a id=\"wp-block-file--media-84d957ef-e3c9-45a9-b416-48170b976700\" href=\"https:\/\/aragonbilingue.catedu.es\/new\/wp-content\/uploads\/2025\/04\/programa.pdf\">programa<\/a><a href=\"https:\/\/aragonbilingue.catedu.es\/new\/wp-content\/uploads\/2025\/04\/programa.pdf\" class=\"wp-block-file__button wp-element-button\" download aria-describedby=\"wp-block-file--media-84d957ef-e3c9-45a9-b416-48170b976700\">Descarga<\/a><\/div>\n\n\n\n<figure class=\"wp-block-image size-large\"><img loading=\"lazy\" decoding=\"async\" width=\"1024\" height=\"229\" src=\"https:\/\/aragonbilingue.catedu.es\/new\/wp-content\/uploads\/2025\/04\/carrusel_infoday_europass_2025-1024x229.jpg\" alt=\"\" class=\"wp-image-5696\" srcset=\"https:\/\/aragonbilingue.catedu.es\/new\/wp-content\/uploads\/2025\/04\/carrusel_infoday_europass_2025-1024x229.jpg 1024w, https:\/\/aragonbilingue.catedu.es\/new\/wp-content\/uploads\/2025\/04\/carrusel_infoday_europass_2025-300x67.jpg 300w, https:\/\/aragonbilingue.catedu.es\/new\/wp-content\/uploads\/2025\/04\/carrusel_infoday_europass_2025-768x172.jpg 768w, https:\/\/aragonbilingue.catedu.es\/new\/wp-content\/uploads\/2025\/04\/carrusel_infoday_europass_2025-1536x344.jpg 1536w, https:\/\/aragonbilingue.catedu.es\/new\/wp-content\/uploads\/2025\/04\/carrusel_infoday_europass_2025.jpg 1920w\" sizes=\"auto, (max-width: 1024px) 100vw, 1024px\" \/><\/figure>\n","protected":false},"excerpt":{"rendered":"<p>Inscr\u00edbete y participa en Infoday Europass 2025, \u201c20 a\u00f1os potenciando la movilidad y empleabilidad en Europa\u201d. El 13 de mayo se celebra la jornada de difusi\u00f3n nacional de Europass, donde se expondr\u00e1n las novedades y utilidades del portal Europass para estudiantes y profesionales, as\u00ed como las oportunidades que otras redes europeas de movilidad ofrecen a [&hellip;]<\/p>\n","protected":false},"author":1,"featured_media":0,"comment_status":"closed","ping_status":"closed","sticky":false,"template":"","format":"standard","meta":{"_monsterinsights_skip_tracking":false,"_monsterinsights_sitenote_active":false,"_monsterinsights_sitenote_note":"","_monsterinsights_sitenote_category":0,"_jetpack_memberships_contains_paid_content":false,"footnotes":""},"categories":[16,29,15],"tags":[333],"class_list":["post-5694","post","type-post","status-publish","format-standard","hentry","category-erasmusplus","category-formacion","category-programas_europeos","tag-erasmus-2"],"jetpack_featured_media_url":"","jetpack_sharing_enabled":true,"_links":{"self":[{"href":"https:\/\/aragonbilingue.catedu.es\/new\/wp-json\/wp\/v2\/posts\/5694","targetHints":{"allow":["GET"]}}],"collection":[{"href":"https:\/\/aragonbilingue.catedu.es\/new\/wp-json\/wp\/v2\/posts"}],"about":[{"href":"https:\/\/aragonbilingue.catedu.es\/new\/wp-json\/wp\/v2\/types\/post"}],"author":[{"embeddable":true,"href":"https:\/\/aragonbilingue.catedu.es\/new\/wp-json\/wp\/v2\/users\/1"}],"replies":[{"embeddable":true,"href":"https:\/\/aragonbilingue.catedu.es\/new\/wp-json\/wp\/v2\/comments?post=5694"}],"version-history":[{"count":3,"href":"https:\/\/aragonbilingue.catedu.es\/new\/wp-json\/wp\/v2\/posts\/5694\/revisions"}],"predecessor-version":[{"id":5700,"href":"https:\/\/aragonbilingue.catedu.es\/new\/wp-json\/wp\/v2\/posts\/5694\/revisions\/5700"}],"wp:attachment":[{"href":"https:\/\/aragonbilingue.catedu.es\/new\/wp-json\/wp\/v2\/media?parent=5694"}],"wp:term":[{"taxonomy":"category","embeddable":true,"href":"https:\/\/aragonbilingue.catedu.es\/new\/wp-json\/wp\/v2\/categories?post=5694"},{"taxonomy":"post_tag","embeddable":true,"href":"https:\/\/aragonbilingue.catedu.es\/new\/wp-json\/wp\/v2\/tags?post=5694"}],"curies":[{"name":"wp","href":"https:\/\/api.w.org\/{rel}","templated":true}]}}