{"id":5680,"date":"2025-04-07T12:41:49","date_gmt":"2025-04-07T10:41:49","guid":{"rendered":"https:\/\/aragonbilingue.catedu.es\/new\/?p=5680"},"modified":"2025-04-07T12:41:51","modified_gmt":"2025-04-07T10:41:51","slug":"seminario-etwinning-bilateral-online-espana-portugal-6-7-8-mayo-2025","status":"publish","type":"post","link":"https:\/\/aragonbilingue.catedu.es\/new\/seminario-etwinning-bilateral-online-espana-portugal-6-7-8-mayo-2025\/","title":{"rendered":"Seminario eTwinning Bilateral Online Espa\u00f1a-Portugal. 6-7-8 mayo 2025."},"content":{"rendered":"\n<p>Estamos en periodo de inscripci\u00f3n del\u00a0<strong>Seminario Bilateral Online Espa\u00f1a-Portugal<\/strong>\u00a0centrado en la tem\u00e1tica de los valores europeos.<\/p>\n\n\n\n<p> Este Seminario se desarrollar\u00e1\u00a0<strong>en l\u00ednea,<\/strong>\u00a0con docentes espa\u00f1oles y portugueses, durante los d\u00edas\u00a0<strong>6-7-8 de mayo en horario de 17h a 20h.<\/strong><\/p>\n\n\n\n<p>Este evento est\u00e1 pensado para docentes de\u00a0<strong>todas las etapas educativas<\/strong>, y donde se impartir\u00e1n talleres y ponencias en espa\u00f1ol y en portugu\u00e9s, adem\u00e1s estar\u00e1 reconocido con\u00a0<strong>10 horas de formaci\u00f3n<\/strong>. <\/p>\n\n\n\n<p>Toda la informaci\u00f3n de este evento en l\u00ednea y el enlace al formulario de registro est\u00e1 en el siguiente art\u00edculo que publicamos en la web:&nbsp;<a rel=\"noreferrer noopener\" target=\"_blank\" href=\"https:\/\/eur04.safelinks.protection.outlook.com\/?url=https%3A%2F%2Fetwinning.es%2Fseminario-bilateral-online-espana-portugal-fortaleciendo-los-valores-europeos%2F&amp;data=05%7C02%7Cmaalonsoh%40aragon.es%7Ca7baed1846334399216708dd75bf102b%7C607c4c23f5d2498aaa1424316acbbb93%7C0%7C0%7C638796185824094123%7CUnknown%7CTWFpbGZsb3d8eyJFbXB0eU1hcGkiOnRydWUsIlYiOiIwLjAuMDAwMCIsIlAiOiJXaW4zMiIsIkFOIjoiTWFpbCIsIldUIjoyfQ%3D%3D%7C0%7C%7C%7C&amp;sdata=tA85PaTNBCWjWfK%2BM8BY4ndJmDxiE%2FU9urnGmAZJTbY%3D&amp;reserved=0\">https:\/\/etwinning.es\/seminario-bilateral-online-espana-portugal-fortaleciendo-los-valores-europeos\/<\/a><\/p>\n\n\n\n<p>Enlace directo al formulario de registro:&nbsp;<a rel=\"noreferrer noopener\" target=\"_blank\" href=\"https:\/\/eur04.safelinks.protection.outlook.com\/?url=https%3A%2F%2Fforma.administracionelectronica.gob.es%2Fform%2Fopen%2Fcorp%2F400aa602-bc00-46d6-8f9d-407707f158a7%2FuQYH&amp;data=05%7C02%7Cmaalonsoh%40aragon.es%7Ca7baed1846334399216708dd75bf102b%7C607c4c23f5d2498aaa1424316acbbb93%7C0%7C0%7C638796185824114656%7CUnknown%7CTWFpbGZsb3d8eyJFbXB0eU1hcGkiOnRydWUsIlYiOiIwLjAuMDAwMCIsIlAiOiJXaW4zMiIsIkFOIjoiTWFpbCIsIldUIjoyfQ%3D%3D%7C0%7C%7C%7C&amp;sdata=g63Sr0edcI%2Bz3HsDHKRui8x%2FHwiUv6msw6RUrY9SmoQ%3D&amp;reserved=0\">Forma<\/a><\/p>\n\n\n\n<p>Programa: <\/p>\n\n\n\n<div data-wp-interactive=\"core\/file\" class=\"wp-block-file\"><object data-wp-bind--hidden=\"!state.hasPdfPreview\" hidden class=\"wp-block-file__embed\" data=\"https:\/\/aragonbilingue.catedu.es\/new\/wp-content\/uploads\/2025\/04\/Programa-Seminario-Bilateral-Portugal.pdf\" type=\"application\/pdf\" style=\"width:100%;height:600px\" aria-label=\"Incrustado de Programa-Seminario-Bilateral-Portugal.\"><\/object><a id=\"wp-block-file--media-f20029f7-f948-4839-92ec-2e13fa46d470\" href=\"https:\/\/aragonbilingue.catedu.es\/new\/wp-content\/uploads\/2025\/04\/Programa-Seminario-Bilateral-Portugal.pdf\">Programa-Seminario-Bilateral-Portugal<\/a><a href=\"https:\/\/aragonbilingue.catedu.es\/new\/wp-content\/uploads\/2025\/04\/Programa-Seminario-Bilateral-Portugal.pdf\" class=\"wp-block-file__button wp-element-button\" download aria-describedby=\"wp-block-file--media-f20029f7-f948-4839-92ec-2e13fa46d470\">Descarga<\/a><\/div>\n\n\n\n<figure class=\"wp-block-image size-full\"><img loading=\"lazy\" decoding=\"async\" width=\"1024\" height=\"576\" src=\"https:\/\/aragonbilingue.catedu.es\/new\/wp-content\/uploads\/2025\/04\/Seminario-Online-Bilateral-V3-1024x576-1.jpg\" alt=\"\" class=\"wp-image-5682\" srcset=\"https:\/\/aragonbilingue.catedu.es\/new\/wp-content\/uploads\/2025\/04\/Seminario-Online-Bilateral-V3-1024x576-1.jpg 1024w, https:\/\/aragonbilingue.catedu.es\/new\/wp-content\/uploads\/2025\/04\/Seminario-Online-Bilateral-V3-1024x576-1-300x169.jpg 300w, https:\/\/aragonbilingue.catedu.es\/new\/wp-content\/uploads\/2025\/04\/Seminario-Online-Bilateral-V3-1024x576-1-768x432.jpg 768w\" sizes=\"auto, (max-width: 1024px) 100vw, 1024px\" \/><\/figure>\n","protected":false},"excerpt":{"rendered":"<p>Estamos en periodo de inscripci\u00f3n del\u00a0Seminario Bilateral Online Espa\u00f1a-Portugal\u00a0centrado en la tem\u00e1tica de los valores europeos. Este Seminario se desarrollar\u00e1\u00a0en l\u00ednea,\u00a0con docentes espa\u00f1oles y portugueses, durante los d\u00edas\u00a06-7-8 de mayo en horario de 17h a 20h. Este evento est\u00e1 pensado para docentes de\u00a0todas las etapas educativas, y donde se impartir\u00e1n talleres y ponencias en espa\u00f1ol [&hellip;]<\/p>\n","protected":false},"author":1,"featured_media":0,"comment_status":"closed","ping_status":"closed","sticky":false,"template":"","format":"standard","meta":{"_monsterinsights_skip_tracking":false,"_monsterinsights_sitenote_active":false,"_monsterinsights_sitenote_note":"","_monsterinsights_sitenote_category":0,"_jetpack_memberships_contains_paid_content":false,"footnotes":""},"categories":[21,19,29,15],"tags":[62],"class_list":["post-5680","post","type-post","status-publish","format-standard","hentry","category-convocatorias","category-etwinning","category-formacion","category-programas_europeos","tag-etwinning"],"jetpack_featured_media_url":"","jetpack_sharing_enabled":true,"_links":{"self":[{"href":"https:\/\/aragonbilingue.catedu.es\/new\/wp-json\/wp\/v2\/posts\/5680","targetHints":{"allow":["GET"]}}],"collection":[{"href":"https:\/\/aragonbilingue.catedu.es\/new\/wp-json\/wp\/v2\/posts"}],"about":[{"href":"https:\/\/aragonbilingue.catedu.es\/new\/wp-json\/wp\/v2\/types\/post"}],"author":[{"embeddable":true,"href":"https:\/\/aragonbilingue.catedu.es\/new\/wp-json\/wp\/v2\/users\/1"}],"replies":[{"embeddable":true,"href":"https:\/\/aragonbilingue.catedu.es\/new\/wp-json\/wp\/v2\/comments?post=5680"}],"version-history":[{"count":2,"href":"https:\/\/aragonbilingue.catedu.es\/new\/wp-json\/wp\/v2\/posts\/5680\/revisions"}],"predecessor-version":[{"id":5684,"href":"https:\/\/aragonbilingue.catedu.es\/new\/wp-json\/wp\/v2\/posts\/5680\/revisions\/5684"}],"wp:attachment":[{"href":"https:\/\/aragonbilingue.catedu.es\/new\/wp-json\/wp\/v2\/media?parent=5680"}],"wp:term":[{"taxonomy":"category","embeddable":true,"href":"https:\/\/aragonbilingue.catedu.es\/new\/wp-json\/wp\/v2\/categories?post=5680"},{"taxonomy":"post_tag","embeddable":true,"href":"https:\/\/aragonbilingue.catedu.es\/new\/wp-json\/wp\/v2\/tags?post=5680"}],"curies":[{"name":"wp","href":"https:\/\/api.w.org\/{rel}","templated":true}]}}