{"id":5553,"date":"2025-02-24T10:25:26","date_gmt":"2025-02-24T08:25:26","guid":{"rendered":"https:\/\/aragonbilingue.catedu.es\/new\/?p=5553"},"modified":"2025-02-24T10:29:37","modified_gmt":"2025-02-24T08:29:37","slug":"jornadas-nacionales-pedagogicas-enseigner-la-francophonie-de-demain","status":"publish","type":"post","link":"https:\/\/aragonbilingue.catedu.es\/new\/jornadas-nacionales-pedagogicas-enseigner-la-francophonie-de-demain\/","title":{"rendered":"Jornadas Nacionales Pedag\u00f3gicas\u00a0&#8220;Enseigner la Francophonie de demain&#8221;\u00a0"},"content":{"rendered":"\n<p><strong>Organizadas\u00a0por\u00a0la Federaci\u00f3n Espa\u00f1ola de Asociaciones de Profesores de Franc\u00e9s<\/strong>\u00a0(FEAPF)\u00a0<\/p>\n\n\n\n<p>Lugar de realizaci\u00f3n y fecha:&nbsp;<strong>Granada<\/strong>,&nbsp;<strong>28 y 29 de marzo de 2025<\/strong>.&nbsp;<\/p>\n\n\n\n<p>El programa de la jornadas :\u00a0<a href=\"https:\/\/eur04.safelinks.protection.outlook.com\/?url=https%3A%2F%2Fwww.canva.com%2Fdesign%2FDAGckm4jdOI%2FPH-e2VVfIBGRT8rsiHCbZg%2Fview%3Futm_content%3DDAGckm4jdOI%26utm_campaign%3Ddesignshare%26utm_medium%3Dlink2%26utm_source%3Duniquelinks%26utlId%3Dh8e4a9dfc94&amp;data=05%7C02%7Cmaalonsoh%40aragon.es%7C611b2904f20f4459838308dd54ab5064%7C607c4c23f5d2498aaa1424316acbbb93%7C0%7C0%7C638759816935856098%7CUnknown%7CTWFpbGZsb3d8eyJFbXB0eU1hcGkiOnRydWUsIlYiOiIwLjAuMDAwMCIsIlAiOiJXaW4zMiIsIkFOIjoiTWFpbCIsIldUIjoyfQ%3D%3D%7C0%7C%7C%7C&amp;sdata=Dj9PCzoLre5jIcCkaJdOQ8s1o6qag2fyAWJLeWPmUGs%3D&amp;reserved=0\" target=\"_blank\" rel=\"noreferrer noopener\">Programme JNFLE 2025 Grenade<\/a><\/p>\n\n\n\n<p>Enlace inscripci\u00f3n: <a href=\"https:\/\/eur04.safelinks.protection.outlook.com\/?url=https%3A%2F%2Fdocs.google.com%2Fforms%2Fd%2Fe%2F1FAIpQLSc8hmbtSJ16wcYVw_m1zRbmWj99g8GuOkZuxURtvdBf_LddnA%2Fviewform&amp;data=05%7C02%7Cmaalonsoh%40aragon.es%7C611b2904f20f4459838308dd54ab5064%7C607c4c23f5d2498aaa1424316acbbb93%7C0%7C0%7C638759816935874359%7CUnknown%7CTWFpbGZsb3d8eyJFbXB0eU1hcGkiOnRydWUsIlYiOiIwLjAuMDAwMCIsIlAiOiJXaW4zMiIsIkFOIjoiTWFpbCIsIldUIjoyfQ%3D%3D%7C0%7C%7C%7C&amp;sdata=DN5IYsZdMFmIk7PuVa9WV%2F4aSpiEu%2FOlf5NPDQ%2Fzfpc%3D&amp;reserved=0\"><a href=\"https:\/\/eur04.safelinks.protection.outlook.com\/?url=https%3A%2F%2Fdocs.google.com%2Fforms%2Fd%2Fe%2F1FAIpQLSc8hmbtSJ16wcYVw_m1zRbmWj99g8GuOkZuxURtvdBf_LddnA%2Fviewform&amp;data=05%7C02%7Cmaalonsoh%40aragon.es%7C611b2904f20f4459838308dd54ab5064%7C607c4c23f5d2498aaa1424316acbbb93%7C0%7C0%7C638759816935874359%7CUnknown%7CTWFpbGZsb3d8eyJFbXB0eU1hcGkiOnRydWUsIlYiOiIwLjAuMDAwMCIsIlAiOiJXaW4zMiIsIkFOIjoiTWFpbCIsIldUIjoyfQ%3D%3D%7C0%7C%7C%7C&amp;sdata=DN5IYsZdMFmIk7PuVa9WV%2F4aSpiEu%2FOlf5NPDQ%2Fzfpc%3D&amp;reserved=0\" target=\"_blank\" rel=\"noreferrer noopener\">Inscripci\u00f3n Jornadas Granada \u2013 Marzo 2025<\/a><\/a><\/p>\n\n\n\n<p><\/p>\n","protected":false},"excerpt":{"rendered":"<p>Organizadas\u00a0por\u00a0la Federaci\u00f3n Espa\u00f1ola de Asociaciones de Profesores de Franc\u00e9s\u00a0(FEAPF)\u00a0 Lugar de realizaci\u00f3n y fecha:&nbsp;Granada,&nbsp;28 y 29 de marzo de 2025.&nbsp; El programa de la jornadas :\u00a0Programme JNFLE 2025 Grenade Enlace inscripci\u00f3n: Inscripci\u00f3n Jornadas Granada \u2013 Marzo 2025<\/p>\n","protected":false},"author":1,"featured_media":0,"comment_status":"closed","ping_status":"closed","sticky":false,"template":"","format":"standard","meta":{"_monsterinsights_skip_tracking":false,"_monsterinsights_sitenote_active":false,"_monsterinsights_sitenote_note":"","_monsterinsights_sitenote_category":0,"_jetpack_memberships_contains_paid_content":false,"footnotes":""},"categories":[21,29,8],"tags":[40],"class_list":["post-5553","post","type-post","status-publish","format-standard","hentry","category-convocatorias","category-formacion","category-frances","tag-frances"],"jetpack_featured_media_url":"","jetpack_sharing_enabled":true,"_links":{"self":[{"href":"https:\/\/aragonbilingue.catedu.es\/new\/wp-json\/wp\/v2\/posts\/5553","targetHints":{"allow":["GET"]}}],"collection":[{"href":"https:\/\/aragonbilingue.catedu.es\/new\/wp-json\/wp\/v2\/posts"}],"about":[{"href":"https:\/\/aragonbilingue.catedu.es\/new\/wp-json\/wp\/v2\/types\/post"}],"author":[{"embeddable":true,"href":"https:\/\/aragonbilingue.catedu.es\/new\/wp-json\/wp\/v2\/users\/1"}],"replies":[{"embeddable":true,"href":"https:\/\/aragonbilingue.catedu.es\/new\/wp-json\/wp\/v2\/comments?post=5553"}],"version-history":[{"count":4,"href":"https:\/\/aragonbilingue.catedu.es\/new\/wp-json\/wp\/v2\/posts\/5553\/revisions"}],"predecessor-version":[{"id":5559,"href":"https:\/\/aragonbilingue.catedu.es\/new\/wp-json\/wp\/v2\/posts\/5553\/revisions\/5559"}],"wp:attachment":[{"href":"https:\/\/aragonbilingue.catedu.es\/new\/wp-json\/wp\/v2\/media?parent=5553"}],"wp:term":[{"taxonomy":"category","embeddable":true,"href":"https:\/\/aragonbilingue.catedu.es\/new\/wp-json\/wp\/v2\/categories?post=5553"},{"taxonomy":"post_tag","embeddable":true,"href":"https:\/\/aragonbilingue.catedu.es\/new\/wp-json\/wp\/v2\/tags?post=5553"}],"curies":[{"name":"wp","href":"https:\/\/api.w.org\/{rel}","templated":true}]}}