{"id":5229,"date":"2024-12-20T10:08:36","date_gmt":"2024-12-20T08:08:36","guid":{"rendered":"https:\/\/aragonbilingue.catedu.es\/new\/?p=5229"},"modified":"2024-12-20T10:08:38","modified_gmt":"2024-12-20T08:08:38","slug":"2-nuevos-noocs-etwinning","status":"publish","type":"post","link":"https:\/\/aragonbilingue.catedu.es\/new\/2-nuevos-noocs-etwinning\/","title":{"rendered":"2 nuevos NOOCs eTwinning"},"content":{"rendered":"\n<p><strong>NOOC<\/strong>\u00a0<strong>eTwinning y el tema del a\u00f1o: Educaci\u00f3n para la Ciudadan\u00eda y valores europeos<\/strong>. Formaci\u00f3n para aprender c\u00f3mo integrar la\u00a0<strong><em>Educaci\u00f3n para la Ciudadan\u00eda y los valores europeos<\/em><\/strong>\u00a0en los proyectos eTwinning. Esta formaci\u00f3n ser\u00e1 impartida por la embajadora eTwinning y experta en la materia Miriam Salinas. El NOOC eTwinning y el tema del a\u00f1o se desarrollar\u00e1 del\u00a0<strong>22 al 31 de enero<\/strong>.                             <strong>Inscripciones a partir del 8 de enero<\/strong> en este\u00a0<a href=\"https:\/\/eur04.safelinks.protection.outlook.com\/?url=https%3A%2F%2Fenlinea.intef.es%2F&amp;data=05%7C02%7Cmaalonsoh%40aragon.es%7C00b612a1659c409e818408dd20454e1f%7C607c4c23f5d2498aaa1424316acbbb93%7C0%7C0%7C638702204219905488%7CUnknown%7CTWFpbGZsb3d8eyJFbXB0eU1hcGkiOnRydWUsIlYiOiIwLjAuMDAwMCIsIlAiOiJXaW4zMiIsIkFOIjoiTWFpbCIsIldUIjoyfQ%3D%3D%7C0%7C%7C%7C&amp;sdata=w2dByPSQ%2BI%2BkN5G9IrO4W4fGl81r6JpmubK1vv0lcdc%3D&amp;reserved=0\" target=\"_blank\" rel=\"noreferrer noopener\">Formaci\u00f3n abierta INTEF<\/a><\/p>\n\n\n\n<ol start=\"1\" class=\"wp-block-list\"><\/ol>\n\n\n\n<p><\/p>\n\n\n\n<p><strong>NOOC eTwinning en la Formaci\u00f3n Profesional<\/strong>. Formaci\u00f3n para aprender a integrar\u00a0<strong><em>eTwinning en la Formaci\u00f3n Profesional\u00a0<\/em><\/strong>y qu\u00e9 beneficios\u00a0aporta dicha integraci\u00f3n en el alumnado. \u00a0Se desarrolla entre el\u00a0<strong>12 y el 21 de febrero<\/strong>\u00a0y ser\u00e1 facilitado por la embajadora y eTwinning y profesora de FP: Ainhoa Dom\u00ednguez.                                                                                                                                                 <strong>Inscripciones a partir del 8 de enero<\/strong> en\u00a0<a href=\"https:\/\/eur04.safelinks.protection.outlook.com\/?url=https%3A%2F%2Fenlinea.intef.es%2F&amp;data=05%7C02%7Cmaalonsoh%40aragon.es%7C00b612a1659c409e818408dd20454e1f%7C607c4c23f5d2498aaa1424316acbbb93%7C0%7C0%7C638702204219921318%7CUnknown%7CTWFpbGZsb3d8eyJFbXB0eU1hcGkiOnRydWUsIlYiOiIwLjAuMDAwMCIsIlAiOiJXaW4zMiIsIkFOIjoiTWFpbCIsIldUIjoyfQ%3D%3D%7C0%7C%7C%7C&amp;sdata=PF%2B%2BaWoIVJ4Dvbc3NTDsuwqu64%2Bs98mZx73mbBw%2Fk9c%3D&amp;reserved=0\" target=\"_blank\" rel=\"noreferrer noopener\">Formaci\u00f3n abierta INTEF<\/a><\/p>\n\n\n\n<ol start=\"1\" class=\"wp-block-list\"><\/ol>\n\n\n\n<p>M\u00e1s informaci\u00f3n en el art\u00edculo que lanzamos en la web de eTwinning:&nbsp;<a rel=\"noreferrer noopener\" target=\"_blank\" href=\"https:\/\/eur04.safelinks.protection.outlook.com\/?url=https%3A%2F%2Fetwinning.es%2Fabierto-el-plazo-de-inscripcion-noocs-etwinning-5%2F&amp;data=05%7C02%7Cmaalonsoh%40aragon.es%7C00b612a1659c409e818408dd20454e1f%7C607c4c23f5d2498aaa1424316acbbb93%7C0%7C0%7C638702204219936859%7CUnknown%7CTWFpbGZsb3d8eyJFbXB0eU1hcGkiOnRydWUsIlYiOiIwLjAuMDAwMCIsIlAiOiJXaW4zMiIsIkFOIjoiTWFpbCIsIldUIjoyfQ%3D%3D%7C0%7C%7C%7C&amp;sdata=6SRJ8ouo9QZyUCW0JM%2F4zG1QGp9226PoE7K0DnEPX0M%3D&amp;reserved=0\">https:\/\/etwinning.es\/abierto-el-plazo-de-inscripcion-noocs-etwinning-5\/<\/a><\/p>\n\n\n\n<figure class=\"wp-block-image size-full\"><img loading=\"lazy\" decoding=\"async\" width=\"1024\" height=\"726\" src=\"https:\/\/aragonbilingue.catedu.es\/new\/wp-content\/uploads\/2024\/12\/NOOCS-ETWINNING-1024x726-1.png\" alt=\"\" class=\"wp-image-5230\" srcset=\"https:\/\/aragonbilingue.catedu.es\/new\/wp-content\/uploads\/2024\/12\/NOOCS-ETWINNING-1024x726-1.png 1024w, https:\/\/aragonbilingue.catedu.es\/new\/wp-content\/uploads\/2024\/12\/NOOCS-ETWINNING-1024x726-1-300x213.png 300w, https:\/\/aragonbilingue.catedu.es\/new\/wp-content\/uploads\/2024\/12\/NOOCS-ETWINNING-1024x726-1-768x545.png 768w\" sizes=\"auto, (max-width: 1024px) 100vw, 1024px\" \/><\/figure>\n","protected":false},"excerpt":{"rendered":"<p>NOOC\u00a0eTwinning y el tema del a\u00f1o: Educaci\u00f3n para la Ciudadan\u00eda y valores europeos. Formaci\u00f3n para aprender c\u00f3mo integrar la\u00a0Educaci\u00f3n para la Ciudadan\u00eda y los valores europeos\u00a0en los proyectos eTwinning. Esta formaci\u00f3n ser\u00e1 impartida por la embajadora eTwinning y experta en la materia Miriam Salinas. El NOOC eTwinning y el tema del a\u00f1o se desarrollar\u00e1 del\u00a022 [&hellip;]<\/p>\n","protected":false},"author":1,"featured_media":0,"comment_status":"closed","ping_status":"closed","sticky":false,"template":"","format":"standard","meta":{"_monsterinsights_skip_tracking":false,"_monsterinsights_sitenote_active":false,"_monsterinsights_sitenote_note":"","_monsterinsights_sitenote_category":0,"_jetpack_memberships_contains_paid_content":false,"footnotes":""},"categories":[21,19,29,15],"tags":[62],"class_list":["post-5229","post","type-post","status-publish","format-standard","hentry","category-convocatorias","category-etwinning","category-formacion","category-programas_europeos","tag-etwinning"],"jetpack_featured_media_url":"","jetpack_sharing_enabled":true,"_links":{"self":[{"href":"https:\/\/aragonbilingue.catedu.es\/new\/wp-json\/wp\/v2\/posts\/5229","targetHints":{"allow":["GET"]}}],"collection":[{"href":"https:\/\/aragonbilingue.catedu.es\/new\/wp-json\/wp\/v2\/posts"}],"about":[{"href":"https:\/\/aragonbilingue.catedu.es\/new\/wp-json\/wp\/v2\/types\/post"}],"author":[{"embeddable":true,"href":"https:\/\/aragonbilingue.catedu.es\/new\/wp-json\/wp\/v2\/users\/1"}],"replies":[{"embeddable":true,"href":"https:\/\/aragonbilingue.catedu.es\/new\/wp-json\/wp\/v2\/comments?post=5229"}],"version-history":[{"count":2,"href":"https:\/\/aragonbilingue.catedu.es\/new\/wp-json\/wp\/v2\/posts\/5229\/revisions"}],"predecessor-version":[{"id":5232,"href":"https:\/\/aragonbilingue.catedu.es\/new\/wp-json\/wp\/v2\/posts\/5229\/revisions\/5232"}],"wp:attachment":[{"href":"https:\/\/aragonbilingue.catedu.es\/new\/wp-json\/wp\/v2\/media?parent=5229"}],"wp:term":[{"taxonomy":"category","embeddable":true,"href":"https:\/\/aragonbilingue.catedu.es\/new\/wp-json\/wp\/v2\/categories?post=5229"},{"taxonomy":"post_tag","embeddable":true,"href":"https:\/\/aragonbilingue.catedu.es\/new\/wp-json\/wp\/v2\/tags?post=5229"}],"curies":[{"name":"wp","href":"https:\/\/api.w.org\/{rel}","templated":true}]}}