{"id":5172,"date":"2024-11-26T09:42:04","date_gmt":"2024-11-26T07:42:04","guid":{"rendered":"https:\/\/aragonbilingue.catedu.es\/new\/?p=5172"},"modified":"2025-01-21T10:37:40","modified_gmt":"2025-01-21T08:37:40","slug":"concurso-escolar-europass-2024","status":"publish","type":"post","link":"https:\/\/aragonbilingue.catedu.es\/new\/concurso-escolar-europass-2024\/","title":{"rendered":"Concurso escolar Europass 2024"},"content":{"rendered":"\n<figure class=\"wp-block-image size-full\"><img loading=\"lazy\" decoding=\"async\" width=\"635\" height=\"529\" src=\"https:\/\/aragonbilingue.catedu.es\/new\/wp-content\/uploads\/2024\/11\/imagen_concurso_europass.png\" alt=\"\" class=\"wp-image-5177\" srcset=\"https:\/\/aragonbilingue.catedu.es\/new\/wp-content\/uploads\/2024\/11\/imagen_concurso_europass.png 635w, https:\/\/aragonbilingue.catedu.es\/new\/wp-content\/uploads\/2024\/11\/imagen_concurso_europass-300x250.png 300w\" sizes=\"auto, (max-width: 635px) 100vw, 635px\" \/><\/figure>\n\n\n\n<p>El CNE pretende que los j\u00f3venes conozcan por s\u00ed mismos todas las herramientas digitales y posibilidades que les ofrece el Portal para que puedan, en un futuro cercano, potenciar sus opciones de empleabilidad cuando quieran dar el salto al mundo laboral.<\/p>\n\n\n\n<h4 class=\"wp-block-heading\">Plazo de participaci\u00f3n: del 25 noviembre 2024 al lunes 3 de febrero 2025<\/h4>\n\n\n\n<h4 class=\"wp-block-heading\">C\u00f3mo participar<\/h4>\n\n\n\n<p>Se podr\u00e1 participar de manera&nbsp;<strong>individual o en parejas<\/strong>&nbsp;e implica la&nbsp;<strong>elaboraci\u00f3n de un v\u00eddeo corto<\/strong>&nbsp;bajo el t\u00edtulo:&nbsp;<strong><em>\u201cImpulsa tu Empleabilidad con las Herramientas Digitales de Europass\u201d \/ \u201cBoost your Employability with the Europass Digital Tools\u201d<\/em>.<\/strong><\/p>\n\n\n\n<p>El v\u00eddeo podr\u00e1 tener una duraci\u00f3n m\u00e1xima de&nbsp;<strong>1 minuto<\/strong>&nbsp;y podr\u00e1 realizarse&nbsp;<strong>en espa\u00f1ol o en ingl\u00e9s<\/strong>.<\/p>\n\n\n\n<p>Los estudiantes elegir\u00e1n 1 o 2 herramientas digitales y\/o posibilidades del Portal Europass y deber\u00e1n explicar c\u00f3mo funcionan, c\u00f3mo se utilizan y para lo que sirven. Es obligatorio que el v\u00eddeo refleje c\u00f3mo est\u00e1n trabajando con las herramientas elegidas desde su propia cuenta Europass.<\/p>\n\n\n\n<p>Para participar en el concurso se enviar\u00e1 un correo electr\u00f3nico a&nbsp;<a href=\"mailto:europass@sepie.es\">europass@sepie.es<\/a>, con el asunto&nbsp;<strong>\u201cConcurso Europass 2024\u201d<\/strong>, y con los siguientes documentos adjuntos:<\/p>\n\n\n\n<ul class=\"wp-block-list\">\n<li>La solicitud de participaci\u00f3n (<em>Anexo I<\/em>).<\/li>\n\n\n\n<li>La autorizaci\u00f3n del padre, madre o representante legal del estudiante, si es menor de 18 a\u00f1os, para el buen uso de la imagen y del v\u00eddeo (<em>Anexo II-a<\/em>) o bien, la autorizaci\u00f3n del estudiante si ya tiene los 18 a\u00f1os (<em>Anexo II-b<\/em>).<\/li>\n\n\n\n<li>El enlace donde se encuentre alojado el v\u00eddeo realizado (Google Drive, Dropbox, YouTube o WeTransfer).<\/li>\n<\/ul>\n\n\n\n<p><strong>Importante:<\/strong>&nbsp;NO enviar el v\u00eddeo como adjunto por correo electr\u00f3nico para no saturar el buz\u00f3n.<\/p>\n\n\n\n<div data-wp-interactive=\"core\/file\" class=\"wp-block-file\"><object data-wp-bind--hidden=\"!state.hasPdfPreview\" hidden class=\"wp-block-file__embed\" data=\"https:\/\/aragonbilingue.catedu.es\/new\/wp-content\/uploads\/2024\/11\/bases_concurso_escolar_europass_2024.pdf\" type=\"application\/pdf\" style=\"width:100%;height:600px\" aria-label=\"Incrustado de bases_concurso_escolar_europass_2024.\"><\/object><a id=\"wp-block-file--media-dd8ef408-5379-499e-98f3-67df7a7f2540\" href=\"https:\/\/aragonbilingue.catedu.es\/new\/wp-content\/uploads\/2024\/11\/bases_concurso_escolar_europass_2024.pdf\">bases_concurso_escolar_europass_2024<\/a><a href=\"https:\/\/aragonbilingue.catedu.es\/new\/wp-content\/uploads\/2024\/11\/bases_concurso_escolar_europass_2024.pdf\" class=\"wp-block-file__button wp-element-button\" download aria-describedby=\"wp-block-file--media-dd8ef408-5379-499e-98f3-67df7a7f2540\">Descarga<\/a><\/div>\n\n\n\n<div data-wp-interactive=\"core\/file\" class=\"wp-block-file\"><object data-wp-bind--hidden=\"!state.hasPdfPreview\" hidden class=\"wp-block-file__embed\" data=\"https:\/\/aragonbilingue.catedu.es\/new\/wp-content\/uploads\/2024\/11\/anexo_i_solicitud_de_participacion.pdf\" type=\"application\/pdf\" style=\"width:100%;height:600px\" aria-label=\"Incrustado de anexo_i_solicitud_de_participacion.\"><\/object><a id=\"wp-block-file--media-904e519f-f6d4-4b1b-9a13-dcdda38566de\" href=\"https:\/\/aragonbilingue.catedu.es\/new\/wp-content\/uploads\/2024\/11\/anexo_i_solicitud_de_participacion.pdf\">anexo_i_solicitud_de_participacion<\/a><a href=\"https:\/\/aragonbilingue.catedu.es\/new\/wp-content\/uploads\/2024\/11\/anexo_i_solicitud_de_participacion.pdf\" class=\"wp-block-file__button wp-element-button\" download aria-describedby=\"wp-block-file--media-904e519f-f6d4-4b1b-9a13-dcdda38566de\">Descarga<\/a><\/div>\n\n\n\n<div data-wp-interactive=\"core\/file\" class=\"wp-block-file\"><object data-wp-bind--hidden=\"!state.hasPdfPreview\" hidden class=\"wp-block-file__embed\" data=\"https:\/\/aragonbilingue.catedu.es\/new\/wp-content\/uploads\/2024\/11\/europass_anexo_iia_menores.pdf\" type=\"application\/pdf\" style=\"width:100%;height:600px\" aria-label=\"Incrustado de europass_anexo_iia_menores.\"><\/object><a id=\"wp-block-file--media-8bcc4e96-c3a3-46f5-93d6-3e66860fd518\" href=\"https:\/\/aragonbilingue.catedu.es\/new\/wp-content\/uploads\/2024\/11\/europass_anexo_iia_menores.pdf\">europass_anexo_iia_menores<\/a><a href=\"https:\/\/aragonbilingue.catedu.es\/new\/wp-content\/uploads\/2024\/11\/europass_anexo_iia_menores.pdf\" class=\"wp-block-file__button wp-element-button\" download aria-describedby=\"wp-block-file--media-8bcc4e96-c3a3-46f5-93d6-3e66860fd518\">Descarga<\/a><\/div>\n\n\n\n<div data-wp-interactive=\"core\/file\" class=\"wp-block-file\"><object data-wp-bind--hidden=\"!state.hasPdfPreview\" hidden class=\"wp-block-file__embed\" data=\"https:\/\/aragonbilingue.catedu.es\/new\/wp-content\/uploads\/2024\/11\/europass_anexo_iib_adultos.pdf\" type=\"application\/pdf\" style=\"width:100%;height:600px\" aria-label=\"Incrustado de europass_anexo_iib_adultos.\"><\/object><a id=\"wp-block-file--media-24a8e519-dafd-4923-8d2f-f23aa4157fdd\" href=\"https:\/\/aragonbilingue.catedu.es\/new\/wp-content\/uploads\/2024\/11\/europass_anexo_iib_adultos.pdf\">europass_anexo_iib_adultos<\/a><a href=\"https:\/\/aragonbilingue.catedu.es\/new\/wp-content\/uploads\/2024\/11\/europass_anexo_iib_adultos.pdf\" class=\"wp-block-file__button wp-element-button\" download aria-describedby=\"wp-block-file--media-24a8e519-dafd-4923-8d2f-f23aa4157fdd\">Descarga<\/a><\/div>\n\n\n\n<p>Link: <a href=\"http:\/\/sepie.es\/iniciativas\/europass\/concursos.html\">http:\/\/sepie.es\/iniciativas\/europass\/concursos.html<\/a><\/p>\n\n\n\n<p><\/p>\n","protected":false},"excerpt":{"rendered":"<p>El CNE pretende que los j\u00f3venes conozcan por s\u00ed mismos todas las herramientas digitales y posibilidades que les ofrece el Portal para que puedan, en un futuro cercano, potenciar sus opciones de empleabilidad cuando quieran dar el salto al mundo laboral. Plazo de participaci\u00f3n: del 25 noviembre 2024 al lunes 3 de febrero 2025 C\u00f3mo [&hellip;]<\/p>\n","protected":false},"author":1,"featured_media":0,"comment_status":"closed","ping_status":"closed","sticky":false,"template":"","format":"standard","meta":{"_monsterinsights_skip_tracking":false,"_monsterinsights_sitenote_active":false,"_monsterinsights_sitenote_note":"","_monsterinsights_sitenote_category":0,"_jetpack_memberships_contains_paid_content":false,"footnotes":""},"categories":[21,16,15],"tags":[52],"class_list":["post-5172","post","type-post","status-publish","format-standard","hentry","category-convocatorias","category-erasmusplus","category-programas_europeos","tag-erasmus"],"jetpack_featured_media_url":"","jetpack_sharing_enabled":true,"_links":{"self":[{"href":"https:\/\/aragonbilingue.catedu.es\/new\/wp-json\/wp\/v2\/posts\/5172","targetHints":{"allow":["GET"]}}],"collection":[{"href":"https:\/\/aragonbilingue.catedu.es\/new\/wp-json\/wp\/v2\/posts"}],"about":[{"href":"https:\/\/aragonbilingue.catedu.es\/new\/wp-json\/wp\/v2\/types\/post"}],"author":[{"embeddable":true,"href":"https:\/\/aragonbilingue.catedu.es\/new\/wp-json\/wp\/v2\/users\/1"}],"replies":[{"embeddable":true,"href":"https:\/\/aragonbilingue.catedu.es\/new\/wp-json\/wp\/v2\/comments?post=5172"}],"version-history":[{"count":3,"href":"https:\/\/aragonbilingue.catedu.es\/new\/wp-json\/wp\/v2\/posts\/5172\/revisions"}],"predecessor-version":[{"id":5293,"href":"https:\/\/aragonbilingue.catedu.es\/new\/wp-json\/wp\/v2\/posts\/5172\/revisions\/5293"}],"wp:attachment":[{"href":"https:\/\/aragonbilingue.catedu.es\/new\/wp-json\/wp\/v2\/media?parent=5172"}],"wp:term":[{"taxonomy":"category","embeddable":true,"href":"https:\/\/aragonbilingue.catedu.es\/new\/wp-json\/wp\/v2\/categories?post=5172"},{"taxonomy":"post_tag","embeddable":true,"href":"https:\/\/aragonbilingue.catedu.es\/new\/wp-json\/wp\/v2\/tags?post=5172"}],"curies":[{"name":"wp","href":"https:\/\/api.w.org\/{rel}","templated":true}]}}