{"id":4937,"date":"2024-09-27T08:35:53","date_gmt":"2024-09-27T06:35:53","guid":{"rendered":"https:\/\/aragonbilingue.catedu.es\/new\/?p=4937"},"modified":"2024-09-27T14:21:28","modified_gmt":"2024-09-27T12:21:28","slug":"congreso-de-la-comunidad-epale-2024","status":"publish","type":"post","link":"https:\/\/aragonbilingue.catedu.es\/new\/congreso-de-la-comunidad-epale-2024\/","title":{"rendered":"Congreso de la Comunidad EPALE 2024."},"content":{"rendered":"\n<p><\/p>\n\n\n\n<p>&nbsp;<a href=\"https:\/\/epale.ec.europa.eu\/es\">EPALE<\/a>&nbsp;(Plataforma electr\u00f3nica de aprendizaje de adultos en Europa) tiene en todas las comunidades aut\u00f3nomas tiene al menos un representante (de FP y EPA), elegidos desde la Unidad de Orientaci\u00f3n Profesional y Aprendizaje a lo largo de la Vida del&nbsp;Ministerio de Educaci\u00f3n, &nbsp;creando&nbsp; una red de Embajadores EPALE. Por un lado,&nbsp; sirve para recoger las actuaciones que a nivel de EPA se est\u00e1n realizando en cada comunidad aut\u00f3noma y centralizarlas&nbsp;en Madrid, por otro es un altavoz para los centros hacia Europa.<\/p>\n\n\n\n<p>En breve, como cada a\u00f1o, se realiza un gran evento: el <strong><a href=\"https:\/\/epale.ec.europa.eu\/es\/blog\/conferencia-de-la-comunidad-epale-2024-forward-aprendizaje-de-adultos-encender-el-cambio-dar\">Congreso de la Comunidad EPALE 2024.<\/a><\/strong><\/p>\n\n\n\n<p>A lo largo de sus tres d\u00edas de duraci\u00f3n se abordar\u00e1n <strong>3 temas principales:<\/strong><\/p>\n\n\n\n<p>Mejora y renovaci\u00f3n de las competencias para la transici\u00f3n digital &#8211; <strong>15 de octubre<\/strong><br>El aprendizaje de adultos como salida de la pobreza &#8211; <strong>16 de octubre<\/strong><br>Aprendizaje de adultos para el desarrollo sostenible &#8211; <strong>17 de octubre<\/strong><br>Adem\u00e1s, el d\u00eda<strong> 8 de octubre<\/strong> habr\u00e1 un<strong> <u><a href=\"https:\/\/epale.ec.europa.eu\/en\/blog\/epale-community-book-club-transformative-power-education-2024-epale-community-conference\">taller <\/a><\/u><\/strong>que puede ser de gran inter\u00e9s como previo al encuentro.<\/p>\n\n\n\n<div data-wp-interactive=\"core\/file\" class=\"wp-block-file\"><object data-wp-bind--hidden=\"!state.hasPdfPreview\" hidden class=\"wp-block-file__embed\" data=\"https:\/\/aragonbilingue.catedu.es\/new\/wp-content\/uploads\/2024\/09\/A4-poster.pdf\" type=\"application\/pdf\" style=\"width:100%;height:600px\" aria-label=\"Incrustado de A4 poster.\"><\/object><a id=\"wp-block-file--media-19a76c9e-2fd1-4ea3-ad40-f7e7847ddb06\" href=\"https:\/\/aragonbilingue.catedu.es\/new\/wp-content\/uploads\/2024\/09\/A4-poster.pdf\">A4 poster<\/a><a href=\"https:\/\/aragonbilingue.catedu.es\/new\/wp-content\/uploads\/2024\/09\/A4-poster.pdf\" class=\"wp-block-file__button wp-element-button\" download aria-describedby=\"wp-block-file--media-19a76c9e-2fd1-4ea3-ad40-f7e7847ddb06\">Descarga<\/a><\/div>\n","protected":false},"excerpt":{"rendered":"<p>&nbsp;EPALE&nbsp;(Plataforma electr\u00f3nica de aprendizaje de adultos en Europa) tiene en todas las comunidades aut\u00f3nomas tiene al menos un representante (de FP y EPA), elegidos desde la Unidad de Orientaci\u00f3n Profesional y Aprendizaje a lo largo de la Vida del&nbsp;Ministerio de Educaci\u00f3n, &nbsp;creando&nbsp; una red de Embajadores EPALE. Por un lado,&nbsp; sirve para recoger las actuaciones [&hellip;]<\/p>\n","protected":false},"author":1,"featured_media":0,"comment_status":"closed","ping_status":"closed","sticky":false,"template":"","format":"standard","meta":{"_monsterinsights_skip_tracking":false,"_monsterinsights_sitenote_active":false,"_monsterinsights_sitenote_note":"","_monsterinsights_sitenote_category":0,"_jetpack_memberships_contains_paid_content":false,"footnotes":""},"categories":[21,16,29,15],"tags":[52],"class_list":["post-4937","post","type-post","status-publish","format-standard","hentry","category-convocatorias","category-erasmusplus","category-formacion","category-programas_europeos","tag-erasmus"],"jetpack_featured_media_url":"","jetpack_sharing_enabled":true,"_links":{"self":[{"href":"https:\/\/aragonbilingue.catedu.es\/new\/wp-json\/wp\/v2\/posts\/4937","targetHints":{"allow":["GET"]}}],"collection":[{"href":"https:\/\/aragonbilingue.catedu.es\/new\/wp-json\/wp\/v2\/posts"}],"about":[{"href":"https:\/\/aragonbilingue.catedu.es\/new\/wp-json\/wp\/v2\/types\/post"}],"author":[{"embeddable":true,"href":"https:\/\/aragonbilingue.catedu.es\/new\/wp-json\/wp\/v2\/users\/1"}],"replies":[{"embeddable":true,"href":"https:\/\/aragonbilingue.catedu.es\/new\/wp-json\/wp\/v2\/comments?post=4937"}],"version-history":[{"count":2,"href":"https:\/\/aragonbilingue.catedu.es\/new\/wp-json\/wp\/v2\/posts\/4937\/revisions"}],"predecessor-version":[{"id":4951,"href":"https:\/\/aragonbilingue.catedu.es\/new\/wp-json\/wp\/v2\/posts\/4937\/revisions\/4951"}],"wp:attachment":[{"href":"https:\/\/aragonbilingue.catedu.es\/new\/wp-json\/wp\/v2\/media?parent=4937"}],"wp:term":[{"taxonomy":"category","embeddable":true,"href":"https:\/\/aragonbilingue.catedu.es\/new\/wp-json\/wp\/v2\/categories?post=4937"},{"taxonomy":"post_tag","embeddable":true,"href":"https:\/\/aragonbilingue.catedu.es\/new\/wp-json\/wp\/v2\/tags?post=4937"}],"curies":[{"name":"wp","href":"https:\/\/api.w.org\/{rel}","templated":true}]}}