{"id":4873,"date":"2024-08-13T13:22:34","date_gmt":"2024-08-13T11:22:34","guid":{"rendered":"https:\/\/aragonbilingue.catedu.es\/new\/?p=4873"},"modified":"2024-08-13T13:22:36","modified_gmt":"2024-08-13T11:22:36","slug":"tca-exploring-networks-across-sectors-and-establishing-a-european-community","status":"publish","type":"post","link":"https:\/\/aragonbilingue.catedu.es\/new\/tca-exploring-networks-across-sectors-and-establishing-a-european-community\/","title":{"rendered":"TCA: Exploring networks across sectors and establishing a European community."},"content":{"rendered":"\n<p>TCA que trata sobre la participaci\u00f3n ciudadana, valores comunes europeos, comunicaci\u00f3n y difusi\u00f3n de proyectos y experiencias Erasmus+.<\/p>\n\n\n\n<p><strong>Lisboa (Portugal)<\/strong> del <strong>31 de octubre al 2 de noviembre de 2024<\/strong>. Se ofertan <strong>8 plazas<\/strong> en total para todos los sectores educativos (2 plazas por sector educativo): 2 plazas para Educaci\u00f3n Escolar, 2 plazas para Formaci\u00f3n Profesional, 2 plazas para Educaci\u00f3n Superior y 2 plazas para Educaci\u00f3n de Personas Adultas.<\/p>\n\n\n\n<p>El <strong>plazo de solicitud<\/strong> es <strong>hasta el 9 de septiembre<\/strong> (12:00 horas, hora de Bruselas) y los destinatarios ser\u00edan estudiantes, docentes, formadores, alumni que hayan participado en Erasmus+, que sean muy activos en la difusi\u00f3n y promoci\u00f3n del programa Erasmus+ de la UE, y que tengan experiencia en la tem\u00e1tica de esta TCA.<\/p>\n\n\n\n<p>Enlace: <a href=\"http:\/\/sepie.es\/educacion-escolar\/seminarios.html#contenido\">http:\/\/sepie.es\/educacion-escolar\/seminarios.html#contenido<\/a><\/p>\n\n\n\n<p>Programa: <\/p>\n\n\n\n<div data-wp-interactive=\"core\/file\" class=\"wp-block-file\"><object data-wp-bind--hidden=\"!state.hasPdfPreview\" hidden class=\"wp-block-file__embed\" data=\"https:\/\/aragonbilingue.catedu.es\/new\/wp-content\/uploads\/2024\/08\/programa_tca_lisboa.pdf\" type=\"application\/pdf\" style=\"width:100%;height:600px\" aria-label=\"Incrustado de programa_tca_lisboa.\"><\/object><a id=\"wp-block-file--media-6bcb2da3-4e12-4c91-b764-5fd33b543a69\" href=\"https:\/\/aragonbilingue.catedu.es\/new\/wp-content\/uploads\/2024\/08\/programa_tca_lisboa.pdf\">programa_tca_lisboa<\/a><a href=\"https:\/\/aragonbilingue.catedu.es\/new\/wp-content\/uploads\/2024\/08\/programa_tca_lisboa.pdf\" class=\"wp-block-file__button wp-element-button\" download aria-describedby=\"wp-block-file--media-6bcb2da3-4e12-4c91-b764-5fd33b543a69\">Descarga<\/a><\/div>\n","protected":false},"excerpt":{"rendered":"<p>TCA que trata sobre la participaci\u00f3n ciudadana, valores comunes europeos, comunicaci\u00f3n y difusi\u00f3n de proyectos y experiencias Erasmus+. Lisboa (Portugal) del 31 de octubre al 2 de noviembre de 2024. Se ofertan 8 plazas en total para todos los sectores educativos (2 plazas por sector educativo): 2 plazas para Educaci\u00f3n Escolar, 2 plazas para Formaci\u00f3n [&hellip;]<\/p>\n","protected":false},"author":1,"featured_media":0,"comment_status":"closed","ping_status":"closed","sticky":false,"template":"","format":"standard","meta":{"_monsterinsights_skip_tracking":false,"_monsterinsights_sitenote_active":false,"_monsterinsights_sitenote_note":"","_monsterinsights_sitenote_category":0,"_jetpack_memberships_contains_paid_content":false,"footnotes":""},"categories":[21,16,29],"tags":[52],"class_list":["post-4873","post","type-post","status-publish","format-standard","hentry","category-convocatorias","category-erasmusplus","category-formacion","tag-erasmus"],"jetpack_featured_media_url":"","jetpack_sharing_enabled":true,"_links":{"self":[{"href":"https:\/\/aragonbilingue.catedu.es\/new\/wp-json\/wp\/v2\/posts\/4873","targetHints":{"allow":["GET"]}}],"collection":[{"href":"https:\/\/aragonbilingue.catedu.es\/new\/wp-json\/wp\/v2\/posts"}],"about":[{"href":"https:\/\/aragonbilingue.catedu.es\/new\/wp-json\/wp\/v2\/types\/post"}],"author":[{"embeddable":true,"href":"https:\/\/aragonbilingue.catedu.es\/new\/wp-json\/wp\/v2\/users\/1"}],"replies":[{"embeddable":true,"href":"https:\/\/aragonbilingue.catedu.es\/new\/wp-json\/wp\/v2\/comments?post=4873"}],"version-history":[{"count":1,"href":"https:\/\/aragonbilingue.catedu.es\/new\/wp-json\/wp\/v2\/posts\/4873\/revisions"}],"predecessor-version":[{"id":4875,"href":"https:\/\/aragonbilingue.catedu.es\/new\/wp-json\/wp\/v2\/posts\/4873\/revisions\/4875"}],"wp:attachment":[{"href":"https:\/\/aragonbilingue.catedu.es\/new\/wp-json\/wp\/v2\/media?parent=4873"}],"wp:term":[{"taxonomy":"category","embeddable":true,"href":"https:\/\/aragonbilingue.catedu.es\/new\/wp-json\/wp\/v2\/categories?post=4873"},{"taxonomy":"post_tag","embeddable":true,"href":"https:\/\/aragonbilingue.catedu.es\/new\/wp-json\/wp\/v2\/tags?post=4873"}],"curies":[{"name":"wp","href":"https:\/\/api.w.org\/{rel}","templated":true}]}}