{"id":4779,"date":"2024-05-30T13:50:33","date_gmt":"2024-05-30T11:50:33","guid":{"rendered":"https:\/\/aragonbilingue.catedu.es\/new\/?p=4779"},"modified":"2024-05-30T13:50:36","modified_gmt":"2024-05-30T11:50:36","slug":"auxiliares-de-conversacion-para-el-curso-2024-2025","status":"publish","type":"post","link":"https:\/\/aragonbilingue.catedu.es\/new\/auxiliares-de-conversacion-para-el-curso-2024-2025\/","title":{"rendered":"Auxiliares de conversaci\u00f3n para el curso 2024\/2025."},"content":{"rendered":"\n<p>RESOLUCI\u00d3N de la Directora General de Pol\u00edtica Educativa, Ordenaci\u00f3n Acad\u00e9mica y Educaci\u00f3n Permanente por la que se resuelve la convocatoria a los Institutos de Ense\u00f1anza Secundaria y a los Centros P\u00fablicos Integrados de Educaci\u00f3n B\u00e1sica y Segundo Ciclo de Educaci\u00f3n Infantil de la Comunidad Aut\u00f3noma de Arag\u00f3n, que imparten Educaci\u00f3n Secundaria Obligatoria, para la asignaci\u00f3n de auxiliares de conversaci\u00f3n para el curso 2024\/2025.<\/p>\n\n\n\n<p>Enlace: <a href=\"https:\/\/educa.aragon.es\/web\/guest\/-\/lenguas_extranjeras\/convocatorias\/auxiliares_conversacion\">https:\/\/educa.aragon.es\/web\/guest\/-\/lenguas_extranjeras\/convocatorias\/auxiliares_conversacion<\/a><\/p>\n\n\n\n<div data-wp-interactive=\"core\/file\" class=\"wp-block-file\"><object data-wp-bind--hidden=\"!state.hasPdfPreview\" hidden class=\"wp-block-file__embed\" data=\"https:\/\/aragonbilingue.catedu.es\/new\/wp-content\/uploads\/2024\/05\/CSV0257EP06FA1S0XFIL-RES-DEF-AUX-CONVE-2024-25-1.pdf\" type=\"application\/pdf\" style=\"width:100%;height:600px\" aria-label=\"Incrustado de CSV0257EP06FA1S0XFIL-RES-DEF-AUX-CONVE-2024-25-1.\"><\/object><a id=\"wp-block-file--media-629e3e0f-a801-4a01-bfdf-c0c4fd3dd069\" href=\"https:\/\/aragonbilingue.catedu.es\/new\/wp-content\/uploads\/2024\/05\/CSV0257EP06FA1S0XFIL-RES-DEF-AUX-CONVE-2024-25-1.pdf\">CSV0257EP06FA1S0XFIL-RES-DEF-AUX-CONVE-2024-25-1<\/a><a href=\"https:\/\/aragonbilingue.catedu.es\/new\/wp-content\/uploads\/2024\/05\/CSV0257EP06FA1S0XFIL-RES-DEF-AUX-CONVE-2024-25-1.pdf\" class=\"wp-block-file__button wp-element-button\" download aria-describedby=\"wp-block-file--media-629e3e0f-a801-4a01-bfdf-c0c4fd3dd069\">Descarga<\/a><\/div>\n","protected":false},"excerpt":{"rendered":"<p>RESOLUCI\u00d3N de la Directora General de Pol\u00edtica Educativa, Ordenaci\u00f3n Acad\u00e9mica y Educaci\u00f3n Permanente por la que se resuelve la convocatoria a los Institutos de Ense\u00f1anza Secundaria y a los Centros P\u00fablicos Integrados de Educaci\u00f3n B\u00e1sica y Segundo Ciclo de Educaci\u00f3n Infantil de la Comunidad Aut\u00f3noma de Arag\u00f3n, que imparten Educaci\u00f3n Secundaria Obligatoria, para la asignaci\u00f3n [&hellip;]<\/p>\n","protected":false},"author":1,"featured_media":0,"comment_status":"closed","ping_status":"closed","sticky":false,"template":"","format":"standard","meta":{"_monsterinsights_skip_tracking":false,"_monsterinsights_sitenote_active":false,"_monsterinsights_sitenote_note":"","_monsterinsights_sitenote_category":0,"_jetpack_memberships_contains_paid_content":false,"footnotes":""},"categories":[24,21],"tags":[41,40,39],"class_list":["post-4779","post","type-post","status-publish","format-standard","hentry","category-auxiliares_conversacion","category-convocatorias","tag-aleman","tag-frances","tag-ingles"],"jetpack_featured_media_url":"","jetpack_sharing_enabled":true,"_links":{"self":[{"href":"https:\/\/aragonbilingue.catedu.es\/new\/wp-json\/wp\/v2\/posts\/4779","targetHints":{"allow":["GET"]}}],"collection":[{"href":"https:\/\/aragonbilingue.catedu.es\/new\/wp-json\/wp\/v2\/posts"}],"about":[{"href":"https:\/\/aragonbilingue.catedu.es\/new\/wp-json\/wp\/v2\/types\/post"}],"author":[{"embeddable":true,"href":"https:\/\/aragonbilingue.catedu.es\/new\/wp-json\/wp\/v2\/users\/1"}],"replies":[{"embeddable":true,"href":"https:\/\/aragonbilingue.catedu.es\/new\/wp-json\/wp\/v2\/comments?post=4779"}],"version-history":[{"count":1,"href":"https:\/\/aragonbilingue.catedu.es\/new\/wp-json\/wp\/v2\/posts\/4779\/revisions"}],"predecessor-version":[{"id":4781,"href":"https:\/\/aragonbilingue.catedu.es\/new\/wp-json\/wp\/v2\/posts\/4779\/revisions\/4781"}],"wp:attachment":[{"href":"https:\/\/aragonbilingue.catedu.es\/new\/wp-json\/wp\/v2\/media?parent=4779"}],"wp:term":[{"taxonomy":"category","embeddable":true,"href":"https:\/\/aragonbilingue.catedu.es\/new\/wp-json\/wp\/v2\/categories?post=4779"},{"taxonomy":"post_tag","embeddable":true,"href":"https:\/\/aragonbilingue.catedu.es\/new\/wp-json\/wp\/v2\/tags?post=4779"}],"curies":[{"name":"wp","href":"https:\/\/api.w.org\/{rel}","templated":true}]}}