{"id":4761,"date":"2024-05-30T13:25:28","date_gmt":"2024-05-30T11:25:28","guid":{"rendered":"https:\/\/aragonbilingue.catedu.es\/new\/?p=4761"},"modified":"2024-05-30T13:25:30","modified_gmt":"2024-05-30T11:25:30","slug":"sepie-erasmus-eurobarometro-los-europeos-y-sus-lenguas1111","status":"publish","type":"post","link":"https:\/\/aragonbilingue.catedu.es\/new\/sepie-erasmus-eurobarometro-los-europeos-y-sus-lenguas1111\/","title":{"rendered":"SEPIE Erasmus+ \/\/ Eurobar\u00f3metro: \u201cLos europeos y sus lenguas\u201d11:11"},"content":{"rendered":"\n<p>Resultados de la <a href=\"https:\/\/europa.eu\/eurobarometer\/surveys\/detail\/2979\">encuesta Eurobar\u00f3metro: \u201cLos europeos y sus lenguas\u201d<\/a>. Esta encuesta proporciona informaci\u00f3n sobre las habilidades ling\u00fc\u00edsticas de los ciudadanos, el uso de las lenguas y la actitud hacia el aprendizaje de idiomas dentro de la Uni\u00f3n Europea. Tambi\u00e9n permite analizar la evoluci\u00f3n en el tiempo, ya que se compara con la anterior encuesta realizada en 2012.<\/p>\n\n\n\n<p>Los resultados muestran que <a href=\"https:\/\/education.ec.europa.eu\/news\/europeans-strive-toward-multilingualism-and-value-language-diversity-according-to-latest-eurobarometer\">los europeos apuestan por el multiling\u00fcismo y valoran la diversidad ling\u00fc\u00edstica<\/a>, hecho que revela las actitudes, el conocimiento y el uso de las lenguas de los ciudadanos. De hecho, el 86 % est\u00e1 de acuerdo en que todo el mundo deber\u00eda hablar al menos una lengua distinta de su lengua materna y el 69 % m\u00e1s de una lengua adicional. Para el 76 % de los europeos, mejorar las habilidades ling\u00fc\u00edsticas deber\u00eda ser una prioridad pol\u00edtica. La diversidad ling\u00fc\u00edstica tambi\u00e9n se considera importante. Para el 84 % de los europeos, las lenguas regionales y minoritarias deber\u00edan estar protegidas.<\/p>\n\n\n\n<figure class=\"wp-block-image size-large\"><img loading=\"lazy\" decoding=\"async\" width=\"1024\" height=\"317\" src=\"https:\/\/aragonbilingue.catedu.es\/new\/wp-content\/uploads\/2024\/05\/image002-1024x317.png\" alt=\"\" class=\"wp-image-4762\" srcset=\"https:\/\/aragonbilingue.catedu.es\/new\/wp-content\/uploads\/2024\/05\/image002-1024x317.png 1024w, https:\/\/aragonbilingue.catedu.es\/new\/wp-content\/uploads\/2024\/05\/image002-300x93.png 300w, https:\/\/aragonbilingue.catedu.es\/new\/wp-content\/uploads\/2024\/05\/image002-768x237.png 768w, https:\/\/aragonbilingue.catedu.es\/new\/wp-content\/uploads\/2024\/05\/image002-1536x475.png 1536w, https:\/\/aragonbilingue.catedu.es\/new\/wp-content\/uploads\/2024\/05\/image002-2048x633.png 2048w\" sizes=\"auto, (max-width: 1024px) 100vw, 1024px\" \/><\/figure>\n","protected":false},"excerpt":{"rendered":"<p>Resultados de la encuesta Eurobar\u00f3metro: \u201cLos europeos y sus lenguas\u201d. Esta encuesta proporciona informaci\u00f3n sobre las habilidades ling\u00fc\u00edsticas de los ciudadanos, el uso de las lenguas y la actitud hacia el aprendizaje de idiomas dentro de la Uni\u00f3n Europea. Tambi\u00e9n permite analizar la evoluci\u00f3n en el tiempo, ya que se compara con la anterior encuesta [&hellip;]<\/p>\n","protected":false},"author":1,"featured_media":0,"comment_status":"closed","ping_status":"closed","sticky":false,"template":"","format":"standard","meta":{"_monsterinsights_skip_tracking":false,"_monsterinsights_sitenote_active":false,"_monsterinsights_sitenote_note":"","_monsterinsights_sitenote_category":0,"_jetpack_memberships_contains_paid_content":false,"footnotes":""},"categories":[16,15],"tags":[52],"class_list":["post-4761","post","type-post","status-publish","format-standard","hentry","category-erasmusplus","category-programas_europeos","tag-erasmus"],"jetpack_featured_media_url":"","jetpack_sharing_enabled":true,"_links":{"self":[{"href":"https:\/\/aragonbilingue.catedu.es\/new\/wp-json\/wp\/v2\/posts\/4761","targetHints":{"allow":["GET"]}}],"collection":[{"href":"https:\/\/aragonbilingue.catedu.es\/new\/wp-json\/wp\/v2\/posts"}],"about":[{"href":"https:\/\/aragonbilingue.catedu.es\/new\/wp-json\/wp\/v2\/types\/post"}],"author":[{"embeddable":true,"href":"https:\/\/aragonbilingue.catedu.es\/new\/wp-json\/wp\/v2\/users\/1"}],"replies":[{"embeddable":true,"href":"https:\/\/aragonbilingue.catedu.es\/new\/wp-json\/wp\/v2\/comments?post=4761"}],"version-history":[{"count":1,"href":"https:\/\/aragonbilingue.catedu.es\/new\/wp-json\/wp\/v2\/posts\/4761\/revisions"}],"predecessor-version":[{"id":4763,"href":"https:\/\/aragonbilingue.catedu.es\/new\/wp-json\/wp\/v2\/posts\/4761\/revisions\/4763"}],"wp:attachment":[{"href":"https:\/\/aragonbilingue.catedu.es\/new\/wp-json\/wp\/v2\/media?parent=4761"}],"wp:term":[{"taxonomy":"category","embeddable":true,"href":"https:\/\/aragonbilingue.catedu.es\/new\/wp-json\/wp\/v2\/categories?post=4761"},{"taxonomy":"post_tag","embeddable":true,"href":"https:\/\/aragonbilingue.catedu.es\/new\/wp-json\/wp\/v2\/tags?post=4761"}],"curies":[{"name":"wp","href":"https:\/\/api.w.org\/{rel}","templated":true}]}}