{"id":4193,"date":"2023-05-17T08:42:12","date_gmt":"2023-05-17T06:42:12","guid":{"rendered":"https:\/\/aragonbilingue.catedu.es\/new\/?p=4193"},"modified":"2023-05-17T08:42:14","modified_gmt":"2023-05-17T06:42:14","slug":"becas-de-verano-2023-para-profesores-y-futuros-profesores-de-frances","status":"publish","type":"post","link":"https:\/\/aragonbilingue.catedu.es\/new\/becas-de-verano-2023-para-profesores-y-futuros-profesores-de-frances\/","title":{"rendered":"Becas de verano 2023 para profesores y futuros profesores de franc\u00e9s"},"content":{"rendered":"\n<p><strong><span style=\"text-decoration: underline;\">Universidad Cat\u00f3lica de Lovaina (UCL- Louvain la Neuve)<\/span><\/strong>: Stage international d\u2019\u00e9t\u00e9 en didactique du FLE (Fran\u00e7ais comme Langue \u00e9trang\u00e8re).<\/p>\n\n\n\n<p>&#8211; Per\u00edodo: del 24 de julio al 11 de agosto de 2023 (acogida desde el domingo 23 de julio y salida el s\u00e1bado 12 de agosto 2023).<\/p>\n\n\n\n<p>&#8211; Destinadas a profesores de FLE (primaire, secondaire ou universitaire) nivel B2 y a futuros profesores de franc\u00e9s nivel B2. Cfr.<\/p>\n\n\n\n<p>&#8211; Necesario: Diploma B2 FR seg\u00fan el CECR.<\/p>\n\n\n\n<hr class=\"wp-block-separator has-alpha-channel-opacity\"\/>\n\n\n\n<p><strong><span style=\"text-decoration: underline;\">Universidad de Lieja (ULg &#8211; Li\u00e8ge)<\/span><\/strong>: Stage pour (futurs) professeurs de fran\u00e7ais langue \u00e9trang\u00e8re (FLE).<\/p>\n\n\n\n<p>&#8211; Per\u00edodo: del 01 de agosto al 17 de agosto de 2023 (acogida desde el lunes 31 de julio y salida el viernes 18 de agosto 2023).<\/p>\n\n\n\n<p>&#8211; Destinados a (futuros) profesores de franc\u00e9s lengua extranjera.<\/p>\n\n\n\n<p>&#8211; Necesario: B2 &#8211; C1 FR seg\u00fan el CECR.<\/p>\n\n\n\n<p>Para conocer todas las condiciones y conseguir los formularios de esta convocatoria, enviar un correo electr\u00f3nico a&nbsp;<a href=\"mailto:c.bouchat@awex-wallonia.com\" target=\"_blank\" rel=\"noreferrer noopener\">c.bouchat@awex-wallonia.com<\/a>, a la atenci\u00f3n de la Se\u00f1ora Cl\u00e9mence Bouchat<\/p>\n\n\n<div class=\"wp-block-image\">\n<figure class=\"aligncenter size-large is-resized\"><img loading=\"lazy\" decoding=\"async\" src=\"https:\/\/aragonbilingue.catedu.es\/new\/wp-content\/uploads\/2023\/05\/287354706_153936567207465_4858090562601781374_n-1024x1024.jpg\" alt=\"\" class=\"wp-image-4194\" width=\"261\" height=\"261\" srcset=\"https:\/\/aragonbilingue.catedu.es\/new\/wp-content\/uploads\/2023\/05\/287354706_153936567207465_4858090562601781374_n-1024x1024.jpg 1024w, https:\/\/aragonbilingue.catedu.es\/new\/wp-content\/uploads\/2023\/05\/287354706_153936567207465_4858090562601781374_n-300x300.jpg 300w, https:\/\/aragonbilingue.catedu.es\/new\/wp-content\/uploads\/2023\/05\/287354706_153936567207465_4858090562601781374_n-150x150.jpg 150w, https:\/\/aragonbilingue.catedu.es\/new\/wp-content\/uploads\/2023\/05\/287354706_153936567207465_4858090562601781374_n-768x768.jpg 768w, https:\/\/aragonbilingue.catedu.es\/new\/wp-content\/uploads\/2023\/05\/287354706_153936567207465_4858090562601781374_n-1536x1536.jpg 1536w, https:\/\/aragonbilingue.catedu.es\/new\/wp-content\/uploads\/2023\/05\/287354706_153936567207465_4858090562601781374_n-50x50.jpg 50w, https:\/\/aragonbilingue.catedu.es\/new\/wp-content\/uploads\/2023\/05\/287354706_153936567207465_4858090562601781374_n-80x80.jpg 80w, https:\/\/aragonbilingue.catedu.es\/new\/wp-content\/uploads\/2023\/05\/287354706_153936567207465_4858090562601781374_n.jpg 2048w\" sizes=\"auto, (max-width: 261px) 100vw, 261px\" \/><\/figure>\n<\/div>","protected":false},"excerpt":{"rendered":"<p>Universidad Cat\u00f3lica de Lovaina (UCL- Louvain la Neuve): Stage international d\u2019\u00e9t\u00e9 en didactique du FLE (Fran\u00e7ais comme Langue \u00e9trang\u00e8re). &#8211; Per\u00edodo: del 24 de julio al 11 de agosto de 2023 (acogida desde el domingo 23 de julio y salida el s\u00e1bado 12 de agosto 2023). &#8211; Destinadas a profesores de FLE (primaire, secondaire ou [&hellip;]<\/p>\n","protected":false},"author":1,"featured_media":0,"comment_status":"closed","ping_status":"closed","sticky":false,"template":"","format":"standard","meta":{"_monsterinsights_skip_tracking":false,"_monsterinsights_sitenote_active":false,"_monsterinsights_sitenote_note":"","_monsterinsights_sitenote_category":0,"_jetpack_memberships_contains_paid_content":false,"footnotes":""},"categories":[29,8],"tags":[],"class_list":["post-4193","post","type-post","status-publish","format-standard","hentry","category-formacion","category-frances"],"jetpack_featured_media_url":"","jetpack_sharing_enabled":true,"_links":{"self":[{"href":"https:\/\/aragonbilingue.catedu.es\/new\/wp-json\/wp\/v2\/posts\/4193","targetHints":{"allow":["GET"]}}],"collection":[{"href":"https:\/\/aragonbilingue.catedu.es\/new\/wp-json\/wp\/v2\/posts"}],"about":[{"href":"https:\/\/aragonbilingue.catedu.es\/new\/wp-json\/wp\/v2\/types\/post"}],"author":[{"embeddable":true,"href":"https:\/\/aragonbilingue.catedu.es\/new\/wp-json\/wp\/v2\/users\/1"}],"replies":[{"embeddable":true,"href":"https:\/\/aragonbilingue.catedu.es\/new\/wp-json\/wp\/v2\/comments?post=4193"}],"version-history":[{"count":1,"href":"https:\/\/aragonbilingue.catedu.es\/new\/wp-json\/wp\/v2\/posts\/4193\/revisions"}],"predecessor-version":[{"id":4195,"href":"https:\/\/aragonbilingue.catedu.es\/new\/wp-json\/wp\/v2\/posts\/4193\/revisions\/4195"}],"wp:attachment":[{"href":"https:\/\/aragonbilingue.catedu.es\/new\/wp-json\/wp\/v2\/media?parent=4193"}],"wp:term":[{"taxonomy":"category","embeddable":true,"href":"https:\/\/aragonbilingue.catedu.es\/new\/wp-json\/wp\/v2\/categories?post=4193"},{"taxonomy":"post_tag","embeddable":true,"href":"https:\/\/aragonbilingue.catedu.es\/new\/wp-json\/wp\/v2\/tags?post=4193"}],"curies":[{"name":"wp","href":"https:\/\/api.w.org\/{rel}","templated":true}]}}