{"id":4188,"date":"2023-05-08T09:12:19","date_gmt":"2023-05-08T07:12:19","guid":{"rendered":"https:\/\/aragonbilingue.catedu.es\/new\/?p=4188"},"modified":"2023-05-08T09:12:22","modified_gmt":"2023-05-08T07:12:22","slug":"resolucion-autorizacion-2a-lengua-extranjera-en-5o-y-6o-de-e-primaria-2023-24","status":"publish","type":"post","link":"https:\/\/aragonbilingue.catedu.es\/new\/resolucion-autorizacion-2a-lengua-extranjera-en-5o-y-6o-de-e-primaria-2023-24\/","title":{"rendered":"Resoluci\u00f3n: Autorizaci\u00f3n 2\u00aa lengua extranjera en 5\u00ba y 6\u00ba de E.Primaria 2023-24"},"content":{"rendered":"\n<p><a href=\"https:\/\/www.boa.aragon.es\/cgi-bin\/EBOA\/BRSCGI?CMD=VEROBJ&amp;MLKOB=1275227140606\" data-type=\"URL\" data-id=\"https:\/\/www.boa.aragon.es\/cgi-bin\/EBOA\/BRSCGI?CMD=VEROBJ&amp;MLKOB=1275227140606\" target=\"_blank\" rel=\"noreferrer noopener\">RESOLUCI\u00d3N<\/a> de 26 de abril de 2023, del Director General de Innovaci\u00f3n y Formaci\u00f3n Profesional, por la que se convoca a los centros docentes sostenidos con fondos p\u00fablicos que impartan Educaci\u00f3n Infantil y Primaria de la Comunidad Aut\u00f3noma de Arag\u00f3n para solicitar la autorizaci\u00f3n para impartir segunda lengua extranjera en 5\u00ba y 6\u00ba de Educaci\u00f3n Primaria a partir del curso 2023\/2024.<\/p>\n\n\n\n<p><a href=\"https:\/\/educa.aragon.es\/documents\/20126\/0\/ANEXO+1+%281%29.pdf\/48a331c6-1ff0-d804-063f-562f02b64296?t=1683529021727\" data-type=\"URL\" data-id=\"https:\/\/educa.aragon.es\/documents\/20126\/0\/ANEXO+1+%281%29.pdf\/48a331c6-1ff0-d804-063f-562f02b64296?t=1683529021727\" target=\"_blank\" rel=\"noreferrer noopener\">Anexo solicitud autorrellenable<\/a><\/p>\n\n\n<div class=\"wp-block-image\">\n<figure class=\"aligncenter size-full is-resized\"><img loading=\"lazy\" decoding=\"async\" src=\"https:\/\/aragonbilingue.catedu.es\/new\/wp-content\/uploads\/2023\/05\/image.png\" alt=\"\" class=\"wp-image-4189\" width=\"248\" height=\"235\" srcset=\"https:\/\/aragonbilingue.catedu.es\/new\/wp-content\/uploads\/2023\/05\/image.png 796w, https:\/\/aragonbilingue.catedu.es\/new\/wp-content\/uploads\/2023\/05\/image-300x284.png 300w, https:\/\/aragonbilingue.catedu.es\/new\/wp-content\/uploads\/2023\/05\/image-768x727.png 768w\" sizes=\"auto, (max-width: 248px) 100vw, 248px\" \/><\/figure>\n<\/div>","protected":false},"excerpt":{"rendered":"<p>RESOLUCI\u00d3N de 26 de abril de 2023, del Director General de Innovaci\u00f3n y Formaci\u00f3n Profesional, por la que se convoca a los centros docentes sostenidos con fondos p\u00fablicos que impartan Educaci\u00f3n Infantil y Primaria de la Comunidad Aut\u00f3noma de Arag\u00f3n para solicitar la autorizaci\u00f3n para impartir segunda lengua extranjera en 5\u00ba y 6\u00ba de Educaci\u00f3n [&hellip;]<\/p>\n","protected":false},"author":1,"featured_media":0,"comment_status":"closed","ping_status":"closed","sticky":false,"template":"","format":"standard","meta":{"_monsterinsights_skip_tracking":false,"_monsterinsights_sitenote_active":false,"_monsterinsights_sitenote_note":"","_monsterinsights_sitenote_category":0,"_jetpack_memberships_contains_paid_content":false,"footnotes":""},"categories":[23],"tags":[],"class_list":["post-4188","post","type-post","status-publish","format-standard","hentry","category-segunda_le"],"jetpack_featured_media_url":"","jetpack_sharing_enabled":true,"_links":{"self":[{"href":"https:\/\/aragonbilingue.catedu.es\/new\/wp-json\/wp\/v2\/posts\/4188","targetHints":{"allow":["GET"]}}],"collection":[{"href":"https:\/\/aragonbilingue.catedu.es\/new\/wp-json\/wp\/v2\/posts"}],"about":[{"href":"https:\/\/aragonbilingue.catedu.es\/new\/wp-json\/wp\/v2\/types\/post"}],"author":[{"embeddable":true,"href":"https:\/\/aragonbilingue.catedu.es\/new\/wp-json\/wp\/v2\/users\/1"}],"replies":[{"embeddable":true,"href":"https:\/\/aragonbilingue.catedu.es\/new\/wp-json\/wp\/v2\/comments?post=4188"}],"version-history":[{"count":1,"href":"https:\/\/aragonbilingue.catedu.es\/new\/wp-json\/wp\/v2\/posts\/4188\/revisions"}],"predecessor-version":[{"id":4190,"href":"https:\/\/aragonbilingue.catedu.es\/new\/wp-json\/wp\/v2\/posts\/4188\/revisions\/4190"}],"wp:attachment":[{"href":"https:\/\/aragonbilingue.catedu.es\/new\/wp-json\/wp\/v2\/media?parent=4188"}],"wp:term":[{"taxonomy":"category","embeddable":true,"href":"https:\/\/aragonbilingue.catedu.es\/new\/wp-json\/wp\/v2\/categories?post=4188"},{"taxonomy":"post_tag","embeddable":true,"href":"https:\/\/aragonbilingue.catedu.es\/new\/wp-json\/wp\/v2\/tags?post=4188"}],"curies":[{"name":"wp","href":"https:\/\/api.w.org\/{rel}","templated":true}]}}