{"id":4054,"date":"2022-10-04T14:16:35","date_gmt":"2022-10-04T12:16:35","guid":{"rendered":"https:\/\/aragonbilingue.catedu.es\/new\/?p=4054"},"modified":"2022-11-29T13:57:41","modified_gmt":"2022-11-29T11:57:41","slug":"jornada-sobre-la-ensenanza-bilingue-en-aragon-somos-comunidad","status":"publish","type":"post","link":"https:\/\/aragonbilingue.catedu.es\/new\/jornada-sobre-la-ensenanza-bilingue-en-aragon-somos-comunidad\/","title":{"rendered":"Jornada sobre la Ense\u00f1anza Biling\u00fce en Arag\u00f3n: Somos Comunidad"},"content":{"rendered":"\n<p>La&nbsp;<strong>Jornada sobre la Ense\u00f1anza Biling\u00fce en Arag\u00f3n: Somos Comunidad<\/strong>&nbsp;tendr\u00e1 lugar el&nbsp;<strong>s\u00e1bado 12 de noviembre 2022<\/strong>&nbsp;en el&nbsp;<strong>World Trade Center de Zaragoza.<\/strong>&nbsp;<\/p>\n\n\n\n<p>En ella se abordar\u00e1n&nbsp;tres puntos claves:&nbsp;<strong>INCLUSI\u00d3N, EVALUACI\u00d3N Y ENFOQUE AICLE.&nbsp;<\/strong>Para ello, contaremos con ponentes de prestigio internacional, experiencias de centros educativos y espacios para la reflexi\u00f3n, el di\u00e1logo y la creaci\u00f3n de redes de trabajo.&nbsp;&nbsp;<\/p>\n\n\n\n<p>Esta&nbsp;jornada est\u00e1 destinada al profesorado de todas las especialidades y etapas educativas, equipos directivos, equipos de orientaci\u00f3n&nbsp;y, en general, a todas las personas que est\u00e9n interesadas en conocer m\u00e1s sobre la ense\u00f1anza biling\u00fce.&nbsp;&nbsp;<\/p>\n\n\n\n<p><strong>Inscripciones en DOCEO a partir del 17 de octubre.<\/strong>&nbsp;<\/p>\n\n\n\n<p>M\u00e1s info:&nbsp;<a href=\"https:\/\/www.carleearagon.es\/actividad\/jornada-sobre-la-ensenanza-bilingue-en-aragon\/\" target=\"_blank\" rel=\"noreferrer noopener\">https:\/\/www.carleearagon.es\/actividad\/jornada-sobre-la-ensenanza-bilingue-en-aragon\/<\/a><\/p>\n\n\n<div class=\"wp-block-image\">\n<figure class=\"aligncenter size-full\"><img loading=\"lazy\" decoding=\"async\" width=\"633\" height=\"893\" src=\"https:\/\/aragonbilingue.catedu.es\/new\/wp-content\/uploads\/2022\/10\/jornada-bil.jpg\" alt=\"\" class=\"wp-image-4055\" srcset=\"https:\/\/aragonbilingue.catedu.es\/new\/wp-content\/uploads\/2022\/10\/jornada-bil.jpg 633w, https:\/\/aragonbilingue.catedu.es\/new\/wp-content\/uploads\/2022\/10\/jornada-bil-213x300.jpg 213w\" sizes=\"auto, (max-width: 633px) 100vw, 633px\" \/><\/figure>\n<\/div>","protected":false},"excerpt":{"rendered":"<p>La&nbsp;Jornada sobre la Ense\u00f1anza Biling\u00fce en Arag\u00f3n: Somos Comunidad&nbsp;tendr\u00e1 lugar el&nbsp;s\u00e1bado 12 de noviembre 2022&nbsp;en el&nbsp;World Trade Center de Zaragoza.&nbsp; En ella se abordar\u00e1n&nbsp;tres puntos claves:&nbsp;INCLUSI\u00d3N, EVALUACI\u00d3N Y ENFOQUE AICLE.&nbsp;Para ello, contaremos con ponentes de prestigio internacional, experiencias de centros educativos y espacios para la reflexi\u00f3n, el di\u00e1logo y la creaci\u00f3n de redes de trabajo.&nbsp;&nbsp; [&hellip;]<\/p>\n","protected":false},"author":1,"featured_media":0,"comment_status":"closed","ping_status":"closed","sticky":false,"template":"","format":"standard","meta":{"_monsterinsights_skip_tracking":false,"_monsterinsights_sitenote_active":false,"_monsterinsights_sitenote_note":"","_monsterinsights_sitenote_category":0,"_jetpack_memberships_contains_paid_content":false,"footnotes":""},"categories":[9,233,29,8,7,30],"tags":[],"class_list":["post-4054","post","type-post","status-publish","format-standard","hentry","category-aleman","category-carlee","category-formacion","category-frances","category-ingles","category-metodologia"],"jetpack_featured_media_url":"","jetpack_sharing_enabled":true,"_links":{"self":[{"href":"https:\/\/aragonbilingue.catedu.es\/new\/wp-json\/wp\/v2\/posts\/4054","targetHints":{"allow":["GET"]}}],"collection":[{"href":"https:\/\/aragonbilingue.catedu.es\/new\/wp-json\/wp\/v2\/posts"}],"about":[{"href":"https:\/\/aragonbilingue.catedu.es\/new\/wp-json\/wp\/v2\/types\/post"}],"author":[{"embeddable":true,"href":"https:\/\/aragonbilingue.catedu.es\/new\/wp-json\/wp\/v2\/users\/1"}],"replies":[{"embeddable":true,"href":"https:\/\/aragonbilingue.catedu.es\/new\/wp-json\/wp\/v2\/comments?post=4054"}],"version-history":[{"count":2,"href":"https:\/\/aragonbilingue.catedu.es\/new\/wp-json\/wp\/v2\/posts\/4054\/revisions"}],"predecessor-version":[{"id":4093,"href":"https:\/\/aragonbilingue.catedu.es\/new\/wp-json\/wp\/v2\/posts\/4054\/revisions\/4093"}],"wp:attachment":[{"href":"https:\/\/aragonbilingue.catedu.es\/new\/wp-json\/wp\/v2\/media?parent=4054"}],"wp:term":[{"taxonomy":"category","embeddable":true,"href":"https:\/\/aragonbilingue.catedu.es\/new\/wp-json\/wp\/v2\/categories?post=4054"},{"taxonomy":"post_tag","embeddable":true,"href":"https:\/\/aragonbilingue.catedu.es\/new\/wp-json\/wp\/v2\/tags?post=4054"}],"curies":[{"name":"wp","href":"https:\/\/api.w.org\/{rel}","templated":true}]}}