{"id":4010,"date":"2022-07-20T20:39:38","date_gmt":"2022-07-20T18:39:38","guid":{"rendered":"https:\/\/aragonbilingue.catedu.es\/new\/?p=4010"},"modified":"2022-07-20T20:39:40","modified_gmt":"2022-07-20T18:39:40","slug":"resolucion-definitiva-cruzando-fronteras-2022-2023","status":"publish","type":"post","link":"https:\/\/aragonbilingue.catedu.es\/new\/resolucion-definitiva-cruzando-fronteras-2022-2023\/","title":{"rendered":"Resoluci\u00f3n Definitiva Cruzando Fronteras 2022-2023"},"content":{"rendered":"\n<p><strong><a href=\"https:\/\/educa.aragon.es\/documents\/20126\/586261\/Resoluci%C3%B3n+Definitiva+Cruzando+Fronteras+2022-23+CSVGJ112JJ2BI1I01PFI.pdf\/26cf4efd-b696-7970-519c-9991b4f60487?t=1657795734291\" data-type=\"URL\" data-id=\"https:\/\/educa.aragon.es\/documents\/20126\/586261\/Resoluci%C3%B3n+Definitiva+Cruzando+Fronteras+2022-23+CSVGJ112JJ2BI1I01PFI.pdf\/26cf4efd-b696-7970-519c-9991b4f60487?t=1657795734291\" target=\"_blank\" rel=\"noreferrer noopener\">RESOLUCI\u00d3N<\/a><\/strong> del Director General de Innovaci\u00f3n y Formaci\u00f3n Profesional, por la que se resuelve la convocatoria a los centros docentes sostenidos con fondos p\u00fablicos no universitarios de la Comunidad Aut\u00f3noma de Arag\u00f3n para participar en el programa francoaragon\u00e9s de inmersi\u00f3n ling\u00fc\u00edstica para alumnado \u201cCruzando Fronteras\u201d, durante el curso 2022-2023.<\/p>\n\n\n\n<div class=\"wp-block-image\"><figure class=\"aligncenter size-large is-resized\"><img loading=\"lazy\" decoding=\"async\" src=\"https:\/\/img.freepik.com\/vector-premium\/cute-happy-funny-espana-hablar-francia-francia-espana-ilustraciones-mapas_92289-1814.jpg\" alt=\"\" width=\"382\" height=\"298\"\/><\/figure><\/div>\n","protected":false},"excerpt":{"rendered":"<p>RESOLUCI\u00d3N del Director General de Innovaci\u00f3n y Formaci\u00f3n Profesional, por la que se resuelve la convocatoria a los centros docentes sostenidos con fondos p\u00fablicos no universitarios de la Comunidad Aut\u00f3noma de Arag\u00f3n para participar en el programa francoaragon\u00e9s de inmersi\u00f3n ling\u00fc\u00edstica para alumnado \u201cCruzando Fronteras\u201d, durante el curso 2022-2023.<\/p>\n","protected":false},"author":1,"featured_media":0,"comment_status":"closed","ping_status":"closed","sticky":false,"template":"","format":"standard","meta":{"_monsterinsights_skip_tracking":false,"_monsterinsights_sitenote_active":false,"_monsterinsights_sitenote_note":"","_monsterinsights_sitenote_category":0,"_jetpack_memberships_contains_paid_content":false,"footnotes":""},"categories":[17,8],"tags":[],"class_list":["post-4010","post","type-post","status-publish","format-standard","hentry","category-cruzando_fronteras","category-frances"],"jetpack_featured_media_url":"","jetpack_sharing_enabled":true,"_links":{"self":[{"href":"https:\/\/aragonbilingue.catedu.es\/new\/wp-json\/wp\/v2\/posts\/4010","targetHints":{"allow":["GET"]}}],"collection":[{"href":"https:\/\/aragonbilingue.catedu.es\/new\/wp-json\/wp\/v2\/posts"}],"about":[{"href":"https:\/\/aragonbilingue.catedu.es\/new\/wp-json\/wp\/v2\/types\/post"}],"author":[{"embeddable":true,"href":"https:\/\/aragonbilingue.catedu.es\/new\/wp-json\/wp\/v2\/users\/1"}],"replies":[{"embeddable":true,"href":"https:\/\/aragonbilingue.catedu.es\/new\/wp-json\/wp\/v2\/comments?post=4010"}],"version-history":[{"count":2,"href":"https:\/\/aragonbilingue.catedu.es\/new\/wp-json\/wp\/v2\/posts\/4010\/revisions"}],"predecessor-version":[{"id":4012,"href":"https:\/\/aragonbilingue.catedu.es\/new\/wp-json\/wp\/v2\/posts\/4010\/revisions\/4012"}],"wp:attachment":[{"href":"https:\/\/aragonbilingue.catedu.es\/new\/wp-json\/wp\/v2\/media?parent=4010"}],"wp:term":[{"taxonomy":"category","embeddable":true,"href":"https:\/\/aragonbilingue.catedu.es\/new\/wp-json\/wp\/v2\/categories?post=4010"},{"taxonomy":"post_tag","embeddable":true,"href":"https:\/\/aragonbilingue.catedu.es\/new\/wp-json\/wp\/v2\/tags?post=4010"}],"curies":[{"name":"wp","href":"https:\/\/api.w.org\/{rel}","templated":true}]}}