{"id":4003,"date":"2022-06-15T08:22:28","date_gmt":"2022-06-15T06:22:28","guid":{"rendered":"https:\/\/aragonbilingue.catedu.es\/new\/?p=4003"},"modified":"2022-06-15T08:22:30","modified_gmt":"2022-06-15T06:22:30","slug":"resolucion-definitiva-auxiliares-de-conversacion-2022-2023","status":"publish","type":"post","link":"https:\/\/aragonbilingue.catedu.es\/new\/resolucion-definitiva-auxiliares-de-conversacion-2022-2023\/","title":{"rendered":"Resoluci\u00f3n Definitiva Auxiliares de Conversaci\u00f3n 2022-2023"},"content":{"rendered":"\n<p><a href=\"https:\/\/educa.aragon.es\/documents\/20126\/0\/Resoluci%C3%B3n+Definitiva+IES_CPI+Auxiliares+Conversaci%C3%B3n+22-23+CSVJ40OTDN4C31101PFI.pdf\/e74a4e30-7a7d-6c86-f762-7e243d5a0218?t=1655208687508\" data-type=\"URL\" data-id=\"https:\/\/educa.aragon.es\/documents\/20126\/0\/Resoluci%C3%B3n+Definitiva+IES_CPI+Auxiliares+Conversaci%C3%B3n+22-23+CSVJ40OTDN4C31101PFI.pdf\/e74a4e30-7a7d-6c86-f762-7e243d5a0218?t=1655208687508\">RESOLUCI\u00d3N<\/a> del Director General de Innovaci\u00f3n y Formaci\u00f3n Profesional por la que se resuelve la convocatoria a los Institutos de Ense\u00f1anza Secundaria y a los Centros P\u00fablicos Integrados de Educaci\u00f3n B\u00e1sica y Segundo Ciclo de Educaci\u00f3n Infantil de la Comunidad Aut\u00f3noma de Arag\u00f3n, que imparten Educaci\u00f3n Secundaria Obligatoria, para la asignaci\u00f3n de auxiliares de conversaci\u00f3n para el curso 2022\/2023.<\/p>\n\n\n\n<div class=\"wp-block-image\"><figure class=\"aligncenter size-large is-resized\"><img loading=\"lazy\" decoding=\"async\" src=\"http:\/\/aragonbilingue.catedu.es\/new\/wp-content\/uploads\/2019\/08\/auxiliares-300x169.png\" alt=\"\" width=\"341\" height=\"187\"\/><\/figure><\/div>\n\n\n\n<p><\/p>\n","protected":false},"excerpt":{"rendered":"<p>RESOLUCI\u00d3N del Director General de Innovaci\u00f3n y Formaci\u00f3n Profesional por la que se resuelve la convocatoria a los Institutos de Ense\u00f1anza Secundaria y a los Centros P\u00fablicos Integrados de Educaci\u00f3n B\u00e1sica y Segundo Ciclo de Educaci\u00f3n Infantil de la Comunidad Aut\u00f3noma de Arag\u00f3n, que imparten Educaci\u00f3n Secundaria Obligatoria, para la asignaci\u00f3n de auxiliares de conversaci\u00f3n [&hellip;]<\/p>\n","protected":false},"author":1,"featured_media":0,"comment_status":"closed","ping_status":"closed","sticky":false,"template":"","format":"standard","meta":{"_monsterinsights_skip_tracking":false,"_monsterinsights_sitenote_active":false,"_monsterinsights_sitenote_note":"","_monsterinsights_sitenote_category":0,"_jetpack_memberships_contains_paid_content":false,"footnotes":""},"categories":[9,24,8,7],"tags":[],"class_list":["post-4003","post","type-post","status-publish","format-standard","hentry","category-aleman","category-auxiliares_conversacion","category-frances","category-ingles"],"jetpack_featured_media_url":"","jetpack_sharing_enabled":true,"_links":{"self":[{"href":"https:\/\/aragonbilingue.catedu.es\/new\/wp-json\/wp\/v2\/posts\/4003","targetHints":{"allow":["GET"]}}],"collection":[{"href":"https:\/\/aragonbilingue.catedu.es\/new\/wp-json\/wp\/v2\/posts"}],"about":[{"href":"https:\/\/aragonbilingue.catedu.es\/new\/wp-json\/wp\/v2\/types\/post"}],"author":[{"embeddable":true,"href":"https:\/\/aragonbilingue.catedu.es\/new\/wp-json\/wp\/v2\/users\/1"}],"replies":[{"embeddable":true,"href":"https:\/\/aragonbilingue.catedu.es\/new\/wp-json\/wp\/v2\/comments?post=4003"}],"version-history":[{"count":1,"href":"https:\/\/aragonbilingue.catedu.es\/new\/wp-json\/wp\/v2\/posts\/4003\/revisions"}],"predecessor-version":[{"id":4004,"href":"https:\/\/aragonbilingue.catedu.es\/new\/wp-json\/wp\/v2\/posts\/4003\/revisions\/4004"}],"wp:attachment":[{"href":"https:\/\/aragonbilingue.catedu.es\/new\/wp-json\/wp\/v2\/media?parent=4003"}],"wp:term":[{"taxonomy":"category","embeddable":true,"href":"https:\/\/aragonbilingue.catedu.es\/new\/wp-json\/wp\/v2\/categories?post=4003"},{"taxonomy":"post_tag","embeddable":true,"href":"https:\/\/aragonbilingue.catedu.es\/new\/wp-json\/wp\/v2\/tags?post=4003"}],"curies":[{"name":"wp","href":"https:\/\/api.w.org\/{rel}","templated":true}]}}