{"id":3973,"date":"2022-05-23T08:38:57","date_gmt":"2022-05-23T06:38:57","guid":{"rendered":"https:\/\/aragonbilingue.catedu.es\/new\/?p=3973"},"modified":"2022-05-23T09:04:15","modified_gmt":"2022-05-23T07:04:15","slug":"resolucion-convocatoria-para-solicitar-la-autorizacion-para-impartir-segunda-lengua-extranjera-en-5o-y-6o-de-educacion-primaria-a-partir-del-curso-2022-2023","status":"publish","type":"post","link":"https:\/\/aragonbilingue.catedu.es\/new\/resolucion-convocatoria-para-solicitar-la-autorizacion-para-impartir-segunda-lengua-extranjera-en-5o-y-6o-de-educacion-primaria-a-partir-del-curso-2022-2023\/","title":{"rendered":"RESOLUCI\u00d3N Convocatoria para solicitar la autorizaci\u00f3n para impartir 2\u00aa lengua extranjera en 5\u00ba y 6\u00ba de Educaci\u00f3n Primaria a partir del curso 2022\/2023."},"content":{"rendered":"\n<p><strong><a href=\"http:\/\/www.boa.aragon.es\/cgi-bin\/EBOA\/BRSCGI?CMD=VEROBJ&amp;MLKOB=1221527703939&amp;type=pdf\" data-type=\"URL\" data-id=\"http:\/\/www.boa.aragon.es\/cgi-bin\/EBOA\/BRSCGI?CMD=VEROBJ&amp;MLKOB=1221527703939&amp;type=pdf\" target=\"_blank\" rel=\"noreferrer noopener\">RESOLUCI\u00d3N<\/a><\/strong> de 9 de mayo de 2022, del Director General de Innovaci\u00f3n y Formaci\u00f3n Profesional, por la que se convoca a los centros docentes sostenidos con fondos p\u00fablicos que impartan Educaci\u00f3n Infantil y Primaria de la Comunidad Aut\u00f3noma de Arag\u00f3n para solicitar la <strong>autorizaci\u00f3n para impartir segunda lengua extranjera en 5\u00ba y 6\u00ba de Educaci\u00f3n Primaria<\/strong> a partir del curso 2022\/2023.<\/p>\n\n\n\n<p>Solicitudes hasta el <strong>10 de junio 2022. <\/strong><\/p>\n\n\n\n<div class=\"wp-block-image\"><figure class=\"aligncenter size-large is-resized\"><img loading=\"lazy\" decoding=\"async\" src=\"https:\/\/www.ateneovalencia.es\/wp-content\/uploads\/2018\/09\/20181001-Idiomas.jpg\" alt=\"\" width=\"369\" height=\"209\"\/><\/figure><\/div>\n","protected":false},"excerpt":{"rendered":"<p>RESOLUCI\u00d3N de 9 de mayo de 2022, del Director General de Innovaci\u00f3n y Formaci\u00f3n Profesional, por la que se convoca a los centros docentes sostenidos con fondos p\u00fablicos que impartan Educaci\u00f3n Infantil y Primaria de la Comunidad Aut\u00f3noma de Arag\u00f3n para solicitar la autorizaci\u00f3n para impartir segunda lengua extranjera en 5\u00ba y 6\u00ba de Educaci\u00f3n [&hellip;]<\/p>\n","protected":false},"author":1,"featured_media":0,"comment_status":"closed","ping_status":"closed","sticky":false,"template":"","format":"standard","meta":{"_monsterinsights_skip_tracking":false,"_monsterinsights_sitenote_active":false,"_monsterinsights_sitenote_note":"","_monsterinsights_sitenote_category":0,"_jetpack_memberships_contains_paid_content":false,"footnotes":""},"categories":[9,23,8,7],"tags":[],"class_list":["post-3973","post","type-post","status-publish","format-standard","hentry","category-aleman","category-segunda_le","category-frances","category-ingles"],"jetpack_featured_media_url":"","jetpack_sharing_enabled":true,"_links":{"self":[{"href":"https:\/\/aragonbilingue.catedu.es\/new\/wp-json\/wp\/v2\/posts\/3973","targetHints":{"allow":["GET"]}}],"collection":[{"href":"https:\/\/aragonbilingue.catedu.es\/new\/wp-json\/wp\/v2\/posts"}],"about":[{"href":"https:\/\/aragonbilingue.catedu.es\/new\/wp-json\/wp\/v2\/types\/post"}],"author":[{"embeddable":true,"href":"https:\/\/aragonbilingue.catedu.es\/new\/wp-json\/wp\/v2\/users\/1"}],"replies":[{"embeddable":true,"href":"https:\/\/aragonbilingue.catedu.es\/new\/wp-json\/wp\/v2\/comments?post=3973"}],"version-history":[{"count":2,"href":"https:\/\/aragonbilingue.catedu.es\/new\/wp-json\/wp\/v2\/posts\/3973\/revisions"}],"predecessor-version":[{"id":3975,"href":"https:\/\/aragonbilingue.catedu.es\/new\/wp-json\/wp\/v2\/posts\/3973\/revisions\/3975"}],"wp:attachment":[{"href":"https:\/\/aragonbilingue.catedu.es\/new\/wp-json\/wp\/v2\/media?parent=3973"}],"wp:term":[{"taxonomy":"category","embeddable":true,"href":"https:\/\/aragonbilingue.catedu.es\/new\/wp-json\/wp\/v2\/categories?post=3973"},{"taxonomy":"post_tag","embeddable":true,"href":"https:\/\/aragonbilingue.catedu.es\/new\/wp-json\/wp\/v2\/tags?post=3973"}],"curies":[{"name":"wp","href":"https:\/\/api.w.org\/{rel}","templated":true}]}}