{"id":3580,"date":"2021-05-18T10:05:16","date_gmt":"2021-05-18T08:05:16","guid":{"rendered":"http:\/\/aragonbilingue.catedu.es\/new\/?p=3580"},"modified":"2021-05-18T10:05:17","modified_gmt":"2021-05-18T08:05:17","slug":"anticipacion-2a-lengua-convocatoria-2021-22","status":"publish","type":"post","link":"https:\/\/aragonbilingue.catedu.es\/new\/anticipacion-2a-lengua-convocatoria-2021-22\/","title":{"rendered":"Anticipaci\u00f3n 2\u00aa lengua: Convocatoria 2021\/22"},"content":{"rendered":"\n<p><a rel=\"noreferrer noopener\" href=\"http:\/\/www.boa.aragon.es\/cgi-bin\/EBOA\/BRSCGI?CMD=VEROBJ&amp;MLKOB=1166030485454&amp;type=pdf\" data-type=\"URL\" data-id=\"http:\/\/www.boa.aragon.es\/cgi-bin\/EBOA\/BRSCGI?CMD=VEROBJ&amp;MLKOB=1166030485454&amp;type=pdf\" target=\"_blank\">RESOLUCI\u00d3N<\/a> de 5 de mayo de 2021, del Director General de Innovaci\u00f3n y Formaci\u00f3n Profesional, por la que se convoca a los centros docentes que impartan Educaci\u00f3n Infantil y Primaria de la Comunidad Aut\u00f3noma de Arag\u00f3n para solicitar la <strong><span style=\"color:#0693e3\" class=\"tadv-color\">autorizaci\u00f3n para impartir segunda lengua extranjera<\/span><\/strong> en 5.\u00ba y 6.\u00ba de Educaci\u00f3n Primaria a partir del curso 2021\/2022.<\/p>\n\n\n\n<p>Plazo de solicitud: 15 d\u00edas desde el d\u00eda siguiente al de la publicaci\u00f3n de la Resoluci\u00f3n en el Bolet\u00edn Oficial de Arag\u00f3n. <\/p>\n\n\n\n<figure class=\"wp-block-image size-large is-resized\"><img loading=\"lazy\" decoding=\"async\" src=\"https:\/\/blog.infoempleo.com\/media\/2018\/02\/ThinkstockPhotos-498555620-881x399.jpg\" alt=\"\" width=\"560\" height=\"253\"\/><\/figure>\n\n\n\n<p><\/p>\n","protected":false},"excerpt":{"rendered":"<p>RESOLUCI\u00d3N de 5 de mayo de 2021, del Director General de Innovaci\u00f3n y Formaci\u00f3n Profesional, por la que se convoca a los centros docentes que impartan Educaci\u00f3n Infantil y Primaria de la Comunidad Aut\u00f3noma de Arag\u00f3n para solicitar la autorizaci\u00f3n para impartir segunda lengua extranjera en 5.\u00ba y 6.\u00ba de Educaci\u00f3n Primaria a partir del [&hellip;]<\/p>\n","protected":false},"author":1,"featured_media":0,"comment_status":"closed","ping_status":"closed","sticky":false,"template":"","format":"standard","meta":{"_monsterinsights_skip_tracking":false,"_monsterinsights_sitenote_active":false,"_monsterinsights_sitenote_note":"","_monsterinsights_sitenote_category":0,"_jetpack_memberships_contains_paid_content":false,"footnotes":""},"categories":[23,21],"tags":[],"class_list":["post-3580","post","type-post","status-publish","format-standard","hentry","category-segunda_le","category-convocatorias"],"jetpack_featured_media_url":"","jetpack_sharing_enabled":true,"_links":{"self":[{"href":"https:\/\/aragonbilingue.catedu.es\/new\/wp-json\/wp\/v2\/posts\/3580","targetHints":{"allow":["GET"]}}],"collection":[{"href":"https:\/\/aragonbilingue.catedu.es\/new\/wp-json\/wp\/v2\/posts"}],"about":[{"href":"https:\/\/aragonbilingue.catedu.es\/new\/wp-json\/wp\/v2\/types\/post"}],"author":[{"embeddable":true,"href":"https:\/\/aragonbilingue.catedu.es\/new\/wp-json\/wp\/v2\/users\/1"}],"replies":[{"embeddable":true,"href":"https:\/\/aragonbilingue.catedu.es\/new\/wp-json\/wp\/v2\/comments?post=3580"}],"version-history":[{"count":1,"href":"https:\/\/aragonbilingue.catedu.es\/new\/wp-json\/wp\/v2\/posts\/3580\/revisions"}],"predecessor-version":[{"id":3581,"href":"https:\/\/aragonbilingue.catedu.es\/new\/wp-json\/wp\/v2\/posts\/3580\/revisions\/3581"}],"wp:attachment":[{"href":"https:\/\/aragonbilingue.catedu.es\/new\/wp-json\/wp\/v2\/media?parent=3580"}],"wp:term":[{"taxonomy":"category","embeddable":true,"href":"https:\/\/aragonbilingue.catedu.es\/new\/wp-json\/wp\/v2\/categories?post=3580"},{"taxonomy":"post_tag","embeddable":true,"href":"https:\/\/aragonbilingue.catedu.es\/new\/wp-json\/wp\/v2\/tags?post=3580"}],"curies":[{"name":"wp","href":"https:\/\/api.w.org\/{rel}","templated":true}]}}