{"id":3378,"date":"2021-01-20T10:06:52","date_gmt":"2021-01-20T09:06:52","guid":{"rendered":"http:\/\/aragonbilingue.catedu.es\/new\/?p=3378"},"modified":"2021-04-27T14:34:36","modified_gmt":"2021-04-27T12:34:36","slug":"evento-frances-la-nuit-des-idees-cercanos-un-planeta-en-vivo","status":"publish","type":"post","link":"https:\/\/aragonbilingue.catedu.es\/new\/evento-frances-la-nuit-des-idees-cercanos-un-planeta-en-vivo\/","title":{"rendered":"Evento Franc\u00e9s: La Nuit des Id\u00e9es \u00abCERCANOS\u00bb, UN PLANETA (EN) VIVO"},"content":{"rendered":"\n<p>El jueves, 28 de enero 2021, a las 18:00 horas, el INSTITUT FRAN\u00c7AIS de Zaragoza invita a&nbsp;disfrutar de una noche dedicada a la reflexi\u00f3n colectiva a trav\u00e9s de un encuentro ciudadano en el Centro Joaqu\u00edn Roncal CAI: Calle San Braulio, 5, 50003 Zaragoza.<\/p>\n\n\n\n<p> <a rel=\"noreferrer noopener\" href=\"https:\/\/www.institutfrancais.es\/zaragoza\/evento\/la-noche-de-las-ideas-cercanos-un-planeta-en-vivo\/\" data-type=\"URL\" data-id=\"https:\/\/www.institutfrancais.es\/zaragoza\/evento\/la-noche-de-las-ideas-cercanos-un-planeta-en-vivo\/\" target=\"_blank\">M\u00c1S INFORMACI\u00d3N<\/a><\/p>\n\n\n\n\n\n<figure class=\"wp-block-image size-large is-resized\"><img loading=\"lazy\" decoding=\"async\" src=\"https:\/\/www.institutfrancais.es\/zaragoza\/wp-content\/uploads\/sites\/9\/2021\/01\/noche_de_las_ideas-768x432-1.png\" alt=\"\" width=\"420\" height=\"236\"\/><\/figure>\n","protected":false},"excerpt":{"rendered":"<p>El jueves, 28 de enero 2021, a las 18:00 horas, el INSTITUT FRAN\u00c7AIS de Zaragoza invita a&nbsp;disfrutar de una noche dedicada a la reflexi\u00f3n colectiva a trav\u00e9s de un encuentro ciudadano en el Centro Joaqu\u00edn Roncal CAI: Calle San Braulio, 5, 50003 Zaragoza. M\u00c1S INFORMACI\u00d3N<\/p>\n","protected":false},"author":1,"featured_media":0,"comment_status":"closed","ping_status":"closed","sticky":false,"template":"","format":"standard","meta":{"_monsterinsights_skip_tracking":false,"_monsterinsights_sitenote_active":false,"_monsterinsights_sitenote_note":"","_monsterinsights_sitenote_category":0,"_jetpack_memberships_contains_paid_content":false,"footnotes":""},"categories":[8,28],"tags":[],"class_list":["post-3378","post","type-post","status-publish","format-standard","hentry","category-frances","category-recursos"],"jetpack_featured_media_url":"","jetpack_sharing_enabled":true,"_links":{"self":[{"href":"https:\/\/aragonbilingue.catedu.es\/new\/wp-json\/wp\/v2\/posts\/3378","targetHints":{"allow":["GET"]}}],"collection":[{"href":"https:\/\/aragonbilingue.catedu.es\/new\/wp-json\/wp\/v2\/posts"}],"about":[{"href":"https:\/\/aragonbilingue.catedu.es\/new\/wp-json\/wp\/v2\/types\/post"}],"author":[{"embeddable":true,"href":"https:\/\/aragonbilingue.catedu.es\/new\/wp-json\/wp\/v2\/users\/1"}],"replies":[{"embeddable":true,"href":"https:\/\/aragonbilingue.catedu.es\/new\/wp-json\/wp\/v2\/comments?post=3378"}],"version-history":[{"count":6,"href":"https:\/\/aragonbilingue.catedu.es\/new\/wp-json\/wp\/v2\/posts\/3378\/revisions"}],"predecessor-version":[{"id":3540,"href":"https:\/\/aragonbilingue.catedu.es\/new\/wp-json\/wp\/v2\/posts\/3378\/revisions\/3540"}],"wp:attachment":[{"href":"https:\/\/aragonbilingue.catedu.es\/new\/wp-json\/wp\/v2\/media?parent=3378"}],"wp:term":[{"taxonomy":"category","embeddable":true,"href":"https:\/\/aragonbilingue.catedu.es\/new\/wp-json\/wp\/v2\/categories?post=3378"},{"taxonomy":"post_tag","embeddable":true,"href":"https:\/\/aragonbilingue.catedu.es\/new\/wp-json\/wp\/v2\/tags?post=3378"}],"curies":[{"name":"wp","href":"https:\/\/api.w.org\/{rel}","templated":true}]}}