{"id":3354,"date":"2021-01-08T13:46:26","date_gmt":"2021-01-08T12:46:26","guid":{"rendered":"http:\/\/aragonbilingue.catedu.es\/new\/?p=3354"},"modified":"2021-01-08T13:46:27","modified_gmt":"2021-01-08T12:46:27","slug":"etwinning-plazas-eventos-formativos-2021","status":"publish","type":"post","link":"https:\/\/aragonbilingue.catedu.es\/new\/etwinning-plazas-eventos-formativos-2021\/","title":{"rendered":"eTwinning plazas eventos formativos 2021"},"content":{"rendered":"\n<p>Se convocan plazas de asistencia a eventos de formaci\u00f3n dentro del marco de la acci\u00f3n eTwinning para el a\u00f1o 2021. <\/p>\n\n\n\n<p><a href=\"http:\/\/aragonbilingue.catedu.es\/new\/wp-content\/uploads\/2021\/01\/Convocatoria-Plazas-Formativas-eTwinning-2021.pdf\">Convocatoria Plazas Formativas eTwinning 2021<\/a><\/p>\n\n\n\n<p><a href=\"https:\/\/www.boe.es\/boe\/dias\/2021\/01\/08\/pdfs\/BOE-B-2021-606.pdf\" target=\"_blank\" rel=\"noreferrer noopener\">https:\/\/www.boe.es\/boe\/dias\/2021\/01\/08\/pdfs\/BOE-B-2021-606.pdf<\/a><\/p>\n\n\n\n<p>El plazo de presentaci\u00f3n de solicitudes es de 9 al 23 de enero de 2021 (ambos incluidos)<\/p>\n\n\n\n<figure class=\"wp-block-image size-large\"><img decoding=\"async\" src=\"http:\/\/etwinning.es\/wp-content\/uploads\/2018\/06\/etwinning_logo-MEFP.png\" alt=\"\"\/><\/figure>\n","protected":false},"excerpt":{"rendered":"<p>Se convocan plazas de asistencia a eventos de formaci\u00f3n dentro del marco de la acci\u00f3n eTwinning para el a\u00f1o 2021. Convocatoria Plazas Formativas eTwinning 2021 https:\/\/www.boe.es\/boe\/dias\/2021\/01\/08\/pdfs\/BOE-B-2021-606.pdf El plazo de presentaci\u00f3n de solicitudes es de 9 al 23 de enero de 2021 (ambos incluidos)<\/p>\n","protected":false},"author":1,"featured_media":0,"comment_status":"closed","ping_status":"closed","sticky":false,"template":"","format":"standard","meta":{"_monsterinsights_skip_tracking":false,"_monsterinsights_sitenote_active":false,"_monsterinsights_sitenote_note":"","_monsterinsights_sitenote_category":0,"_jetpack_memberships_contains_paid_content":false,"footnotes":""},"categories":[19,29],"tags":[],"class_list":["post-3354","post","type-post","status-publish","format-standard","hentry","category-etwinning","category-formacion"],"jetpack_featured_media_url":"","jetpack_sharing_enabled":true,"_links":{"self":[{"href":"https:\/\/aragonbilingue.catedu.es\/new\/wp-json\/wp\/v2\/posts\/3354","targetHints":{"allow":["GET"]}}],"collection":[{"href":"https:\/\/aragonbilingue.catedu.es\/new\/wp-json\/wp\/v2\/posts"}],"about":[{"href":"https:\/\/aragonbilingue.catedu.es\/new\/wp-json\/wp\/v2\/types\/post"}],"author":[{"embeddable":true,"href":"https:\/\/aragonbilingue.catedu.es\/new\/wp-json\/wp\/v2\/users\/1"}],"replies":[{"embeddable":true,"href":"https:\/\/aragonbilingue.catedu.es\/new\/wp-json\/wp\/v2\/comments?post=3354"}],"version-history":[{"count":2,"href":"https:\/\/aragonbilingue.catedu.es\/new\/wp-json\/wp\/v2\/posts\/3354\/revisions"}],"predecessor-version":[{"id":3357,"href":"https:\/\/aragonbilingue.catedu.es\/new\/wp-json\/wp\/v2\/posts\/3354\/revisions\/3357"}],"wp:attachment":[{"href":"https:\/\/aragonbilingue.catedu.es\/new\/wp-json\/wp\/v2\/media?parent=3354"}],"wp:term":[{"taxonomy":"category","embeddable":true,"href":"https:\/\/aragonbilingue.catedu.es\/new\/wp-json\/wp\/v2\/categories?post=3354"},{"taxonomy":"post_tag","embeddable":true,"href":"https:\/\/aragonbilingue.catedu.es\/new\/wp-json\/wp\/v2\/tags?post=3354"}],"curies":[{"name":"wp","href":"https:\/\/api.w.org\/{rel}","templated":true}]}}