{"id":3128,"date":"2020-09-11T13:54:28","date_gmt":"2020-09-11T12:54:28","guid":{"rendered":"http:\/\/aragonbilingue.catedu.es\/new\/?p=3128"},"modified":"2020-09-28T07:56:47","modified_gmt":"2020-09-28T06:56:47","slug":"convocatoria-pale-2020-2021","status":"publish","type":"post","link":"https:\/\/aragonbilingue.catedu.es\/new\/convocatoria-pale-2020-2021\/","title":{"rendered":"Convocatoria PALE 2020\/2021"},"content":{"rendered":"<p style=\"text-align: left;\"><a href=\"http:\/\/aragonbilingue.catedu.es\/new\/wp-content\/uploads\/2020\/09\/RESOLUCI\u00d3N.pdf\">RESOLUCI\u00d3N<\/a> del Director General de Innovaci\u00f3n y Formaci\u00f3n Profesional, por la que se convoca a los centros educativos no universitarios de la Comunidad Aut\u00f3noma de Arag\u00f3n para solicitar la autorizaci\u00f3n para el desarrollo de Proyectos de Ampliaci\u00f3n de Lenguas Extranjeras y la mejora de la competencia ling\u00fc\u00edstica del alumnado en el curso 2020-2021.<\/p>\n<p><strong><span style=\"color: #3366ff;\">Anexos en pdf autorrellenables:<\/span><\/strong><\/p>\n<p><a href=\"http:\/\/aragonbilingue.catedu.es\/new\/wp-content\/uploads\/2020\/09\/ANEXO-I.pdf\">ANEXO I<\/a> <span style=\"color: #3366ff;\">(Declaraci\u00f3n datos)<\/span><\/p>\n<p><span style=\"color: #3366ff;\"><a href=\"http:\/\/aragonbilingue.catedu.es\/new\/wp-content\/uploads\/2020\/09\/ANEXO-II.pdf\">ANEXO II<\/a> (Datos recogidos en el formulario de solicitud)<\/span><\/p>\n<p><span style=\"color: #3366ff;\"><a href=\"http:\/\/aragonbilingue.catedu.es\/new\/wp-content\/uploads\/2020\/09\/ANEXO-III.pdf\">ANEXO III<\/a> (Memoria)<\/span><\/p>\n<p><a href=\"http:\/\/encuestas.aragon.es\/index.php\/793361?lang=es\">Solicitud PALE 2020<\/a><\/p>\n<p><strong><em><span style=\"color: #000000;\">Plazo de presentaci\u00f3n de solicitudes: Del 15 de septiembre al 2 de octubre de 2020.<\/span><\/em><\/strong><\/p>\n<p>\u00a0<\/p>\n\n\n<p><\/p>\n","protected":false},"excerpt":{"rendered":"<p>RESOLUCI\u00d3N del Director General de Innovaci\u00f3n y Formaci\u00f3n Profesional, por la que se convoca a los centros educativos no universitarios de la Comunidad Aut\u00f3noma de Arag\u00f3n para solicitar la autorizaci\u00f3n para el desarrollo de Proyectos de Ampliaci\u00f3n de Lenguas Extranjeras y la mejora de la competencia ling\u00fc\u00edstica del alumnado en el curso 2020-2021. Anexos en [&hellip;]<\/p>\n","protected":false},"author":1,"featured_media":0,"comment_status":"closed","ping_status":"closed","sticky":false,"template":"","format":"standard","meta":{"_monsterinsights_skip_tracking":false,"_monsterinsights_sitenote_active":false,"_monsterinsights_sitenote_note":"","_monsterinsights_sitenote_category":0,"_jetpack_memberships_contains_paid_content":false,"footnotes":""},"categories":[9,1,8,7,33],"tags":[41,40,39,155],"class_list":["post-3128","post","type-post","status-publish","format-standard","hentry","category-aleman","category-blog","category-frances","category-ingles","category-proyectos_ampliacion_lenguas_extranjeras","tag-aleman","tag-frances","tag-ingles","tag-pale"],"jetpack_featured_media_url":"","jetpack_sharing_enabled":true,"_links":{"self":[{"href":"https:\/\/aragonbilingue.catedu.es\/new\/wp-json\/wp\/v2\/posts\/3128","targetHints":{"allow":["GET"]}}],"collection":[{"href":"https:\/\/aragonbilingue.catedu.es\/new\/wp-json\/wp\/v2\/posts"}],"about":[{"href":"https:\/\/aragonbilingue.catedu.es\/new\/wp-json\/wp\/v2\/types\/post"}],"author":[{"embeddable":true,"href":"https:\/\/aragonbilingue.catedu.es\/new\/wp-json\/wp\/v2\/users\/1"}],"replies":[{"embeddable":true,"href":"https:\/\/aragonbilingue.catedu.es\/new\/wp-json\/wp\/v2\/comments?post=3128"}],"version-history":[{"count":12,"href":"https:\/\/aragonbilingue.catedu.es\/new\/wp-json\/wp\/v2\/posts\/3128\/revisions"}],"predecessor-version":[{"id":3200,"href":"https:\/\/aragonbilingue.catedu.es\/new\/wp-json\/wp\/v2\/posts\/3128\/revisions\/3200"}],"wp:attachment":[{"href":"https:\/\/aragonbilingue.catedu.es\/new\/wp-json\/wp\/v2\/media?parent=3128"}],"wp:term":[{"taxonomy":"category","embeddable":true,"href":"https:\/\/aragonbilingue.catedu.es\/new\/wp-json\/wp\/v2\/categories?post=3128"},{"taxonomy":"post_tag","embeddable":true,"href":"https:\/\/aragonbilingue.catedu.es\/new\/wp-json\/wp\/v2\/tags?post=3128"}],"curies":[{"name":"wp","href":"https:\/\/api.w.org\/{rel}","templated":true}]}}