{"id":2815,"date":"2019-12-17T09:08:25","date_gmt":"2019-12-17T08:08:25","guid":{"rendered":"http:\/\/aragonbilingue.catedu.es\/new\/?p=2815"},"modified":"2019-12-17T09:08:25","modified_gmt":"2019-12-17T08:08:25","slug":"evento-etwinning-en-viena","status":"publish","type":"post","link":"https:\/\/aragonbilingue.catedu.es\/new\/evento-etwinning-en-viena\/","title":{"rendered":"Evento eTwinning en Viena"},"content":{"rendered":"<p><img loading=\"lazy\" decoding=\"async\" class=\"size-full wp-image-2816 aligncenter\" src=\"http:\/\/aragonbilingue.catedu.es\/new\/wp-content\/uploads\/2019\/12\/descarga.jpg\" alt=\"\" width=\"266\" height=\"190\" \/><\/p>\n<p>La semana pasada del 11 al 13 de diciembre se celebr\u00f3 en Viena (Austria) un evento formativo sobre &#8220;Competencias Digitales y Did\u00e1ctica TIC&#8221;.<\/p>\n<p>Se celebraron una serie de talleres y ponencias dirigidas a profesores de todas las materias, escuelas, institutos y centros educativos que utilizan la plataforma <strong>eTwinning<\/strong> para realizar proyectos colaborativos en Europa.<\/p>\n<p>Los objetivos de aprendizaje principales fueron:<\/p>\n<ul>\n<li>tomar conciencia de los cambios en educaci\u00f3n que llegan debido al auge de la tecnolog\u00eda<\/li>\n<li>desarrollar competencias digitales para ser usadas en clase<\/li>\n<\/ul>\n<p>Se trataron y se trabaj\u00f3 en aspectos como la <strong>seguridad en el uso de internet<\/strong>, <strong>gamificaci\u00f3n<\/strong>, <strong>pensamiento computacional<\/strong>, uso de la <strong>herramienta SELFIE<\/strong> para evaluar el estado y mejorar el uso de la tecnolog\u00eda digital en nuestro centro, desarrollo de <strong>competencias digitales<\/strong>, uso de <strong>inteligencia artificial y robots educacionales<\/strong>, y la\u00a0<strong>propiedad intelectual<\/strong> entre otros. Tambi\u00e9n visitaron un centro escolar donde se potencia el uso de la tecnolog\u00eda digital y en donde la herramienta fundamental del profesor y los alumnos es la tablet.<\/p>\n<p>En estas jornadas participaron 120 profesores de 30 pa\u00edses europeos. La representaci\u00f3n espa\u00f1ola estuvo compuesta por diez profesores de primaria y secundaria, uno de ellos de Arag\u00f3n,\u00a0Enrique L\u00f3pez Mingueza\u00a0profesor de matem\u00e1ticas del IES Jer\u00f3nimo Zurita de Zaragoza.<\/p>\n<p><img loading=\"lazy\" decoding=\"async\" class=\"size-medium wp-image-2817 aligncenter\" src=\"http:\/\/aragonbilingue.catedu.es\/new\/wp-content\/uploads\/2019\/12\/Foto_2-300x225.jpg\" alt=\"\" width=\"300\" height=\"225\" srcset=\"https:\/\/aragonbilingue.catedu.es\/new\/wp-content\/uploads\/2019\/12\/Foto_2-300x225.jpg 300w, https:\/\/aragonbilingue.catedu.es\/new\/wp-content\/uploads\/2019\/12\/Foto_2-768x576.jpg 768w, https:\/\/aragonbilingue.catedu.es\/new\/wp-content\/uploads\/2019\/12\/Foto_2-1024x768.jpg 1024w, https:\/\/aragonbilingue.catedu.es\/new\/wp-content\/uploads\/2019\/12\/Foto_2.jpg 2048w\" sizes=\"auto, (max-width: 300px) 100vw, 300px\" \/><\/p>\n<p>Esperamos que muchos os anim\u00e9is a solicitar la asistencia a este tipo de eventos tan gratificantes y \u00fatiles para nuestra profesi\u00f3n.<\/p>\n<p>Hagamos crecer la comunidad de eTwinners!<\/p>\n","protected":false},"excerpt":{"rendered":"<p>La semana pasada del 11 al 13 de diciembre se celebr\u00f3 en Viena (Austria) un evento formativo sobre &#8220;Competencias Digitales y Did\u00e1ctica TIC&#8221;. Se celebraron una serie de talleres y ponencias dirigidas a profesores de todas las materias, escuelas, institutos y centros educativos que utilizan la plataforma eTwinning para realizar proyectos colaborativos en Europa. Los [&hellip;]<\/p>\n","protected":false},"author":1,"featured_media":0,"comment_status":"closed","ping_status":"closed","sticky":false,"template":"","format":"standard","meta":{"_monsterinsights_skip_tracking":false,"_monsterinsights_sitenote_active":false,"_monsterinsights_sitenote_note":"","_monsterinsights_sitenote_category":0,"_jetpack_memberships_contains_paid_content":false,"footnotes":""},"categories":[19,30],"tags":[62],"class_list":["post-2815","post","type-post","status-publish","format-standard","hentry","category-etwinning","category-metodologia","tag-etwinning"],"jetpack_featured_media_url":"","jetpack_sharing_enabled":true,"_links":{"self":[{"href":"https:\/\/aragonbilingue.catedu.es\/new\/wp-json\/wp\/v2\/posts\/2815","targetHints":{"allow":["GET"]}}],"collection":[{"href":"https:\/\/aragonbilingue.catedu.es\/new\/wp-json\/wp\/v2\/posts"}],"about":[{"href":"https:\/\/aragonbilingue.catedu.es\/new\/wp-json\/wp\/v2\/types\/post"}],"author":[{"embeddable":true,"href":"https:\/\/aragonbilingue.catedu.es\/new\/wp-json\/wp\/v2\/users\/1"}],"replies":[{"embeddable":true,"href":"https:\/\/aragonbilingue.catedu.es\/new\/wp-json\/wp\/v2\/comments?post=2815"}],"version-history":[{"count":1,"href":"https:\/\/aragonbilingue.catedu.es\/new\/wp-json\/wp\/v2\/posts\/2815\/revisions"}],"predecessor-version":[{"id":2818,"href":"https:\/\/aragonbilingue.catedu.es\/new\/wp-json\/wp\/v2\/posts\/2815\/revisions\/2818"}],"wp:attachment":[{"href":"https:\/\/aragonbilingue.catedu.es\/new\/wp-json\/wp\/v2\/media?parent=2815"}],"wp:term":[{"taxonomy":"category","embeddable":true,"href":"https:\/\/aragonbilingue.catedu.es\/new\/wp-json\/wp\/v2\/categories?post=2815"},{"taxonomy":"post_tag","embeddable":true,"href":"https:\/\/aragonbilingue.catedu.es\/new\/wp-json\/wp\/v2\/tags?post=2815"}],"curies":[{"name":"wp","href":"https:\/\/api.w.org\/{rel}","templated":true}]}}