{"id":2795,"date":"2019-12-11T14:04:43","date_gmt":"2019-12-11T13:04:43","guid":{"rendered":"http:\/\/aragonbilingue.catedu.es\/new\/?p=2795"},"modified":"2019-12-11T14:04:43","modified_gmt":"2019-12-11T13:04:43","slug":"lista-reserva-erasmus-ka101","status":"publish","type":"post","link":"https:\/\/aragonbilingue.catedu.es\/new\/lista-reserva-erasmus-ka101\/","title":{"rendered":"Lista reserva Erasmus+ KA101"},"content":{"rendered":"<p><img loading=\"lazy\" decoding=\"async\" class=\"size-full wp-image-2414 aligncenter\" src=\"http:\/\/aragonbilingue.catedu.es\/new\/wp-content\/uploads\/2019\/07\/erasmus_2.png\" alt=\"\" width=\"640\" height=\"258\" srcset=\"https:\/\/aragonbilingue.catedu.es\/new\/wp-content\/uploads\/2019\/07\/erasmus_2.png 640w, https:\/\/aragonbilingue.catedu.es\/new\/wp-content\/uploads\/2019\/07\/erasmus_2-300x121.png 300w\" sizes=\"auto, (max-width: 640px) 100vw, 640px\" \/>Publicado el listado de solicitudes seleccionadas de la lista de reserva de proyectos de Movilidad de las personas por motivos de aprendizaje, Acci\u00f3n Clave 1, del sector de Educaci\u00f3n Escolar (KA101), correspondientes a la Convocatoria de Propuestas del programa Erasmus+ 2019.<\/p>\n<p><i class=\"fa fa-file-pdf-o pdf fa-lg\"><\/i>\u00a0<a href=\"http:\/\/sepie.es\/doc\/convocatoria\/2019\/resoluciones\/diciembre\/resolucion.pdf\">Resoluci\u00f3n<\/a><\/p>\n<ul class=\"nocircle\">\n<li><i class=\"fa fa-file-pdf-o pdf fa-lg\"><\/i>\u00a0<a href=\"http:\/\/sepie.es\/doc\/convocatoria\/2019\/resoluciones\/diciembre\/Anexo_unico_KA101.pdf\">Anexo I<\/a>. Movilidad de las personas por motivos de aprendizaje en el sector de Educaci\u00f3n Escolar (KA101).<\/li>\n<\/ul>\n<p>Con los 7 nuevos centros aragoneses que se unen a los ya seleccionados en esta Convocatoria, contamos con 29 centros con proyecto Erasmus+ KA101.<\/p>\n<p style=\"text-align: center;\"><strong>\u00a1ENHORABUENA A TODOS!<\/strong><\/p>\n<table style=\"width: 914px;\">\n<tbody>\n<tr>\n<td style=\"width: 158.59px;\">CENTRO<\/td>\n<td style=\"width: 57.4097px;\">LOCALIDAD<\/td>\n<td style=\"width: 330px;\">PROYECTO<\/td>\n<td style=\"width: 83px;\">PRESUPUESTO<\/td>\n<td style=\"width: 59px;\">MOVILIDADES<\/td>\n<\/tr>\n<tr>\n<td style=\"width: 158.59px;\">IES CONDE ARANDA<\/td>\n<td style=\"width: 57.4097px;\">Alag\u00f3n<\/td>\n<td style=\"width: 330px;\">En el Conde se con-vive: igualdad, diversidad e inclusi\u00f3n en la comunidad educativa del IES Conde de Aranda<\/td>\n<td style=\"width: 83px;\">10.936 \u20ac<\/td>\n<td style=\"width: 59px;\">7<\/td>\n<\/tr>\n<tr>\n<td style=\"width: 158.59px;\">IES PARQUE GOYA<\/td>\n<td style=\"width: 57.4097px;\">Zaragoza<\/td>\n<td style=\"width: 330px;\">Goya Innovation Lab<\/td>\n<td style=\"width: 83px;\">21.044 \u20ac<\/td>\n<td style=\"width: 59px;\">12<\/td>\n<\/tr>\n<tr>\n<td style=\"width: 158.59px;\">IES MATARRA\u00d1A<\/td>\n<td style=\"width: 57.4097px;\">Valderrobres<\/td>\n<td style=\"width: 330px;\">Seguimos en movimiento<\/td>\n<td style=\"width: 83px;\">16.095 \u20ac<\/td>\n<td style=\"width: 59px;\">7<\/td>\n<\/tr>\n<tr>\n<td style=\"width: 158.59px;\">CEIP ODON DE BUEN<\/td>\n<td style=\"width: 57.4097px;\">Zuera<\/td>\n<td style=\"width: 330px;\">Odon+ activo: autonom\u00eda, cooperativo, tecnolog\u00eda, innovaci\u00f3n, vivencial y oportunidades<\/td>\n<td style=\"width: 83px;\">15.025 \u20ac<\/td>\n<td style=\"width: 59px;\">8<\/td>\n<\/tr>\n<tr>\n<td style=\"width: 158.59px;\">CPEE GLORIA FUERTES<\/td>\n<td style=\"width: 57.4097px;\">Andorra<\/td>\n<td style=\"width: 330px;\">\u00a0Observaci\u00f3n + Inclusi\u00f3n<\/td>\n<td style=\"width: 83px;\">22.352 \u20ac<\/td>\n<td style=\"width: 59px;\">16<\/td>\n<\/tr>\n<tr>\n<td style=\"width: 158.59px;\">IES PABLO SERRANO<\/td>\n<td style=\"width: 57.4097px;\">Zaragoza<\/td>\n<td style=\"width: 330px;\">Lenguaje, cultura y debate<\/td>\n<td style=\"width: 83px;\">6.902 \u20ac<\/td>\n<td style=\"width: 59px;\">3<\/td>\n<\/tr>\n<tr>\n<td style=\"width: 158.59px;\">IES SEGUNDO DE CHOM\u00d3N<\/td>\n<td style=\"width: 57.4097px;\">Teruel<\/td>\n<td style=\"width: 330px;\">Patrimonio local, herencia universal<\/td>\n<td style=\"width: 83px;\">8.612 \u20ac<\/td>\n<td style=\"width: 59px;\">5<\/td>\n<\/tr>\n<tr>\n<td style=\"width: 158.59px;\">IES REYES CAT\u00d3LICOS<\/td>\n<td style=\"width: 57.4097px;\">Ejea de los Caballeros<\/td>\n<td style=\"width: 330px;\">Impulso al desarrollo educativo europeo<\/td>\n<td style=\"width: 83px;\">12.665 \u20ac<\/td>\n<td style=\"width: 59px;\">9<\/td>\n<\/tr>\n<tr>\n<td style=\"width: 158.59px;\">CRA PALMIRA PL\u00c1<\/td>\n<td style=\"width: 57.4097px;\">Cedrillas<\/td>\n<td style=\"width: 330px;\">Palmira Pl\u00e1 descubre mundo<\/td>\n<td style=\"width: 83px;\">8.495 \u20ac<\/td>\n<td style=\"width: 59px;\">5<\/td>\n<\/tr>\n<tr>\n<td style=\"width: 158.59px;\">IES VALDESPARTERA<\/td>\n<td style=\"width: 57.4097px;\">Zaragoza<\/td>\n<td style=\"width: 330px;\">Protagonistas de nuestro aprendizaje<\/td>\n<td style=\"width: 83px;\">35.138 \u20ac<\/td>\n<td style=\"width: 59px;\">15<\/td>\n<\/tr>\n<tr>\n<td style=\"width: 158.59px;\">CEIP MIGUEL ARTAZOS TAM\u00c9<\/td>\n<td style=\"width: 57.4097px;\">Utebo<\/td>\n<td style=\"width: 330px;\">Metodolog\u00edas integradoras en Ed. Infantil y Primaria<\/td>\n<td style=\"width: 83px;\">18.710 \u20ac<\/td>\n<td style=\"width: 59px;\">10<\/td>\n<\/tr>\n<tr>\n<td style=\"width: 158.59px;\">IES TORRE DE LOS ESPEJOS<\/td>\n<td style=\"width: 57.4097px;\">Utebo<\/td>\n<td style=\"width: 330px;\">Re-moviendo fronteras<\/td>\n<td style=\"width: 83px;\">21.679 \u20ac<\/td>\n<td style=\"width: 59px;\">10<\/td>\n<\/tr>\n<tr>\n<td style=\"width: 158.59px;\">IES MIGUEL CATAL\u00c1N<\/td>\n<td style=\"width: 57.4097px;\">Zaragoza<\/td>\n<td style=\"width: 330px;\">Go Europe! Mejorando habilidades y ampliando horizontes<\/td>\n<td style=\"width: 83px;\">15.044 \u20ac<\/td>\n<td style=\"width: 59px;\">9<\/td>\n<\/tr>\n<tr>\n<td style=\"width: 158.59px;\">CEIP FORO ROMANO<\/td>\n<td style=\"width: 57.4097px;\">Cuarte de Huerva<\/td>\n<td style=\"width: 330px;\">Foro innovadores. Proyecto europeo para el impulso a la innovaci\u00f3n y metodolog\u00edas activas<\/td>\n<td style=\"width: 83px;\">19.406 \u20ac<\/td>\n<td style=\"width: 59px;\">10<\/td>\n<\/tr>\n<tr>\n<td style=\"width: 158.59px;\">CEIP JUAN SOBRARIAS<\/td>\n<td style=\"width: 57.4097px;\">Alca\u00f1iz<\/td>\n<td style=\"width: 330px;\">Aprender juntos e Innovar juntos: inteligencias m\u00faltiples (continuaci\u00f3n)<\/td>\n<td style=\"width: 83px;\">28.150 \u20ac<\/td>\n<td style=\"width: 59px;\">10<\/td>\n<\/tr>\n<tr>\n<td style=\"width: 158.59px;\">IES EL PICARRAL<\/td>\n<td style=\"width: 57.4097px;\">Zaragoza<\/td>\n<td style=\"width: 330px;\">Oportunidades de cambio<\/td>\n<td style=\"width: 83px;\">16.324 \u20ac<\/td>\n<td style=\"width: 59px;\">10<\/td>\n<\/tr>\n<tr>\n<td style=\"width: 158.59px;\">C. EL PILAR MARISTAS<\/td>\n<td style=\"width: 57.4097px;\">Zaragoza<\/td>\n<td style=\"width: 330px;\">Formaci\u00f3n en herramientas de innovaci\u00f3n pedag\u00f3gica y metodolog\u00edas para el biling\u00fcismo (CLIL)<\/td>\n<td style=\"width: 83px;\">15.431 \u20ac<\/td>\n<td style=\"width: 59px;\">7<\/td>\n<\/tr>\n<tr>\n<td style=\"width: 158.59px;\">CEIP CATALINA DE ARAG\u00d3N<\/td>\n<td style=\"width: 57.4097px;\">Zaragoza<\/td>\n<td style=\"width: 330px;\">Are we ready?<\/td>\n<td style=\"width: 83px;\">16.545 \u20ac<\/td>\n<td style=\"width: 59px;\">11<\/td>\n<\/tr>\n<tr>\n<td style=\"width: 158.59px;\">IES BAJO CINCA<\/td>\n<td style=\"width: 57.4097px;\">Fraga<\/td>\n<td style=\"width: 330px;\">Europa diversa: un reto para la educaci\u00f3n<\/td>\n<td style=\"width: 83px;\">22.371 \u20ac<\/td>\n<td style=\"width: 59px;\">11<\/td>\n<\/tr>\n<tr>\n<td style=\"width: 158.59px;\">CEIP VADORREY<\/td>\n<td style=\"width: 57.4097px;\">Zaragoza<\/td>\n<td style=\"width: 330px;\">Creciendo en Europa<\/td>\n<td style=\"width: 83px;\">16.900 \u20ac<\/td>\n<td style=\"width: 59px;\">8<\/td>\n<\/tr>\n<tr>\n<td style=\"width: 158.59px;\">CEIP VICENTE FERRER RAMOS<\/td>\n<td style=\"width: 57.4097px;\">Valderrobres<\/td>\n<td style=\"width: 330px;\">Comunicaci\u00f3n e inclusi\u00f3n en el aprendizaje<\/td>\n<td style=\"width: 83px;\">13.135 \u20ac<\/td>\n<td style=\"width: 59px;\">7<\/td>\n<\/tr>\n<tr>\n<td style=\"width: 158.59px;\">NTRA. SRA. DEL PILAR<\/td>\n<td style=\"width: 57.4097px;\">Zuera<\/td>\n<td style=\"width: 330px;\">Caminando hacia nuevas metodolog\u00edas<\/td>\n<td style=\"width: 83px;\">9.063 \u20ac<\/td>\n<td style=\"width: 59px;\">5<\/td>\n<\/tr>\n<tr>\n<td style=\"width: 158.59px;\">COOP. DE ENS. HIJAS DE S. JOS\u00c9<\/td>\n<td style=\"width: 57.4097px;\">Zaragoza<\/td>\n<td style=\"width: 330px;\">Abre tu mente, abre tu escuela<\/td>\n<td style=\"width: 83px;\">3.588 \u20ac<\/td>\n<td style=\"width: 59px;\">2<\/td>\n<\/tr>\n<tr>\n<td style=\"width: 158.59px;\">COLEGIO EL SALVADOR<\/td>\n<td style=\"width: 57.4097px;\">Zaragoza<\/td>\n<td style=\"width: 330px;\">Biling\u00fcismo en ESO: Un desaf\u00edo que requiere observaci\u00f3n<\/td>\n<td style=\"width: 83px;\">17.328 \u20ac<\/td>\n<td style=\"width: 59px;\">12<\/td>\n<\/tr>\n<tr>\n<td style=\"width: 158.59px;\">IES ANDAL\u00c1N<\/td>\n<td style=\"width: 57.4097px;\">Zaragoza<\/td>\n<td style=\"width: 330px;\">Equidad entre estudiantes biling\u00fces y no biling\u00fces. Inclusi\u00f3n en un modelo educativo innovador.<\/td>\n<td style=\"width: 83px;\">15.470 \u20ac<\/td>\n<td style=\"width: 59px;\">6<\/td>\n<\/tr>\n<tr>\n<td style=\"width: 158.59px;\">COLEGIO DON BOSCO<\/td>\n<td style=\"width: 57.4097px;\">Zaragoza<\/td>\n<td style=\"width: 330px;\">Todos podemos estar juntos.<\/td>\n<td style=\"width: 83px;\">9.766 \u20ac<\/td>\n<td style=\"width: 59px;\">4<\/td>\n<\/tr>\n<tr>\n<td style=\"width: 158.59px;\">COLEGIO PADRE ENRIQUE DE OSS\u00d3<\/td>\n<td style=\"width: 57.4097px;\">Zaragoza<\/td>\n<td style=\"width: 330px;\">Nuevas metodolog\u00edas, nuevas culturas, nuevos enfoques<\/td>\n<td style=\"width: 83px;\">9.466,00 \u20ac<\/td>\n<td style=\"width: 59px;\">5<\/td>\n<\/tr>\n<tr>\n<td style=\"width: 158.59px;\">COLEGIO SAN VICENTE DE PA\u00daL<\/td>\n<td style=\"width: 57.4097px;\">Zaragoza<\/td>\n<td style=\"width: 330px;\">Aprendizaje basado en proyectos en el aula de hoy en d\u00eda.<\/td>\n<td style=\"width: 83px;\">20.682 \u20ac<\/td>\n<td style=\"width: 59px;\">10<\/td>\n<\/tr>\n<tr>\n<td style=\"width: 158.59px;\">CRA BAJO G\u00c1LLEGO<\/td>\n<td style=\"width: 57.4097px;\">Leci\u00f1ena<\/td>\n<td style=\"width: 330px;\">Abriendo puertas.<\/td>\n<td style=\"width: 83px;\">10.095 \u20ac<\/td>\n<td style=\"width: 59px;\">5<\/td>\n<\/tr>\n<\/tbody>\n<\/table>\n","protected":false},"excerpt":{"rendered":"<p>Publicado el listado de solicitudes seleccionadas de la lista de reserva de proyectos de Movilidad de las personas por motivos de aprendizaje, Acci\u00f3n Clave 1, del sector de Educaci\u00f3n Escolar (KA101), correspondientes a la Convocatoria de Propuestas del programa Erasmus+ 2019. \u00a0Resoluci\u00f3n \u00a0Anexo I. Movilidad de las personas por motivos de aprendizaje en el sector [&hellip;]<\/p>\n","protected":false},"author":34,"featured_media":0,"comment_status":"closed","ping_status":"closed","sticky":false,"template":"","format":"standard","meta":{"_monsterinsights_skip_tracking":false,"_monsterinsights_sitenote_active":false,"_monsterinsights_sitenote_note":"","_monsterinsights_sitenote_category":0,"_jetpack_memberships_contains_paid_content":false,"footnotes":""},"categories":[16],"tags":[85,271],"class_list":["post-2795","post","type-post","status-publish","format-standard","hentry","category-erasmusplus","tag-ka101","tag-lista-reserva"],"jetpack_featured_media_url":"","jetpack_sharing_enabled":true,"_links":{"self":[{"href":"https:\/\/aragonbilingue.catedu.es\/new\/wp-json\/wp\/v2\/posts\/2795","targetHints":{"allow":["GET"]}}],"collection":[{"href":"https:\/\/aragonbilingue.catedu.es\/new\/wp-json\/wp\/v2\/posts"}],"about":[{"href":"https:\/\/aragonbilingue.catedu.es\/new\/wp-json\/wp\/v2\/types\/post"}],"author":[{"embeddable":true,"href":"https:\/\/aragonbilingue.catedu.es\/new\/wp-json\/wp\/v2\/users\/34"}],"replies":[{"embeddable":true,"href":"https:\/\/aragonbilingue.catedu.es\/new\/wp-json\/wp\/v2\/comments?post=2795"}],"version-history":[{"count":1,"href":"https:\/\/aragonbilingue.catedu.es\/new\/wp-json\/wp\/v2\/posts\/2795\/revisions"}],"predecessor-version":[{"id":2796,"href":"https:\/\/aragonbilingue.catedu.es\/new\/wp-json\/wp\/v2\/posts\/2795\/revisions\/2796"}],"wp:attachment":[{"href":"https:\/\/aragonbilingue.catedu.es\/new\/wp-json\/wp\/v2\/media?parent=2795"}],"wp:term":[{"taxonomy":"category","embeddable":true,"href":"https:\/\/aragonbilingue.catedu.es\/new\/wp-json\/wp\/v2\/categories?post=2795"},{"taxonomy":"post_tag","embeddable":true,"href":"https:\/\/aragonbilingue.catedu.es\/new\/wp-json\/wp\/v2\/tags?post=2795"}],"curies":[{"name":"wp","href":"https:\/\/api.w.org\/{rel}","templated":true}]}}