{"id":2673,"date":"2019-11-14T12:27:29","date_gmt":"2019-11-14T11:27:29","guid":{"rendered":"http:\/\/aragonbilingue.catedu.es\/new\/?p=2673"},"modified":"2019-11-14T12:27:29","modified_gmt":"2019-11-14T11:27:29","slug":"visita-de-docentes-daneses-a-aragon","status":"publish","type":"post","link":"https:\/\/aragonbilingue.catedu.es\/new\/visita-de-docentes-daneses-a-aragon\/","title":{"rendered":"Visita de docentes daneses a Arag\u00f3n"},"content":{"rendered":"<p><img loading=\"lazy\" decoding=\"async\" class=\"size-medium wp-image-2414 aligncenter\" src=\"http:\/\/aragonbilingue.catedu.es\/new\/wp-content\/uploads\/2019\/07\/erasmus_2-300x121.png\" alt=\"\" width=\"300\" height=\"121\" srcset=\"https:\/\/aragonbilingue.catedu.es\/new\/wp-content\/uploads\/2019\/07\/erasmus_2-300x121.png 300w, https:\/\/aragonbilingue.catedu.es\/new\/wp-content\/uploads\/2019\/07\/erasmus_2.png 640w\" sizes=\"auto, (max-width: 300px) 100vw, 300px\" \/><\/p>\n<p>La semana pasada recibimos a un grupo de 14 docentes daneses dentro del marco del programa Erasmus+. Pertenecen a los diferentes centros educativos que visitamos en Mayo con el proyecto europeo coordinado por CAREI y la Unidad de Lenguas Extranjeras de la Direcci\u00f3n General de Innovaci\u00f3n \u201cFamilia y escuela hacia una Europa multiling\u00fce\u201d.<\/p>\n<p>El objetivo de su proyecto es ver c\u00f3mo trabajamos con plataformas educativas y de comunicaci\u00f3n con las familias. Dado que s\u00f3lo estuvieron 3 d\u00edas en Arag\u00f3n, tuvimos que centrarnos en Zaragoza y alrededores.<\/p>\n<p>Tras explicarles el sistema el educativo espa\u00f1ol y las plataformas generales GIR y SIGAD, en el CEIP Fern\u00e1ndez Vizarra (Monzalbarba) pudieron conocer el efectivo m\u00e9todo que utilizan para compartir materiales e informaci\u00f3n entre el profesorado a trav\u00e9s del servidor NAS. Asimismo, hablaron del uso de redes sociales y Edmodo como v\u00eda de comunicaci\u00f3n con alumnado y familias. En la observaci\u00f3n de aulas comprobaron c\u00f3mo la participaci\u00f3n del centro en proyectos Erasmus+ les ha influido en la redistribuci\u00f3n de espacios, el uso de dispositivos digitales y la incorporaci\u00f3n de metodolog\u00edas tipo Montessori y Waldorf.<\/p>\n<p>&nbsp;<\/p>\n\n\t\t<style type=\"text\/css\">\n\t\t\t#gallery-1 {\n\t\t\t\tmargin: auto;\n\t\t\t}\n\t\t\t#gallery-1 .gallery-item {\n\t\t\t\tfloat: left;\n\t\t\t\tmargin-top: 10px;\n\t\t\t\ttext-align: center;\n\t\t\t\twidth: 33%;\n\t\t\t}\n\t\t\t#gallery-1 img {\n\t\t\t\tborder: 2px solid #cfcfcf;\n\t\t\t}\n\t\t\t#gallery-1 .gallery-caption {\n\t\t\t\tmargin-left: 0;\n\t\t\t}\n\t\t\t\/* see gallery_shortcode() in wp-includes\/media.php *\/\n\t\t<\/style>\n\t\t<div id='gallery-1' class='gallery galleryid-2673 gallery-columns-3 gallery-size-large'><dl class='gallery-item'>\n\t\t\t<dt class='gallery-icon landscape'>\n\t\t\t\t<a href='https:\/\/aragonbilingue.catedu.es\/new\/visita-de-docentes-daneses-a-aragon\/img_20191105_093242\/'><img loading=\"lazy\" decoding=\"async\" width=\"955\" height=\"716\" src=\"https:\/\/aragonbilingue.catedu.es\/new\/wp-content\/uploads\/2019\/11\/IMG_20191105_093242-1024x768.jpg\" class=\"attachment-large size-large\" alt=\"\" srcset=\"https:\/\/aragonbilingue.catedu.es\/new\/wp-content\/uploads\/2019\/11\/IMG_20191105_093242-1024x768.jpg 1024w, https:\/\/aragonbilingue.catedu.es\/new\/wp-content\/uploads\/2019\/11\/IMG_20191105_093242-300x225.jpg 300w, https:\/\/aragonbilingue.catedu.es\/new\/wp-content\/uploads\/2019\/11\/IMG_20191105_093242-768x576.jpg 768w, https:\/\/aragonbilingue.catedu.es\/new\/wp-content\/uploads\/2019\/11\/IMG_20191105_093242-e1619512842403.jpg 1160w\" sizes=\"auto, (max-width: 955px) 100vw, 955px\" \/><\/a>\n\t\t\t<\/dt><\/dl><dl class='gallery-item'>\n\t\t\t<dt class='gallery-icon landscape'>\n\t\t\t\t<a href='https:\/\/aragonbilingue.catedu.es\/new\/visita-de-docentes-daneses-a-aragon\/img_20191105_111129\/'><img loading=\"lazy\" decoding=\"async\" width=\"955\" height=\"716\" src=\"https:\/\/aragonbilingue.catedu.es\/new\/wp-content\/uploads\/2019\/11\/IMG_20191105_111129-1024x768.jpg\" class=\"attachment-large size-large\" alt=\"\" srcset=\"https:\/\/aragonbilingue.catedu.es\/new\/wp-content\/uploads\/2019\/11\/IMG_20191105_111129-1024x768.jpg 1024w, https:\/\/aragonbilingue.catedu.es\/new\/wp-content\/uploads\/2019\/11\/IMG_20191105_111129-300x225.jpg 300w, https:\/\/aragonbilingue.catedu.es\/new\/wp-content\/uploads\/2019\/11\/IMG_20191105_111129-768x576.jpg 768w, https:\/\/aragonbilingue.catedu.es\/new\/wp-content\/uploads\/2019\/11\/IMG_20191105_111129-e1619512828156.jpg 416w\" sizes=\"auto, (max-width: 955px) 100vw, 955px\" \/><\/a>\n\t\t\t<\/dt><\/dl><dl class='gallery-item'>\n\t\t\t<dt class='gallery-icon landscape'>\n\t\t\t\t<a href='https:\/\/aragonbilingue.catedu.es\/new\/visita-de-docentes-daneses-a-aragon\/img_20191105_120217\/'><img loading=\"lazy\" decoding=\"async\" width=\"955\" height=\"716\" src=\"https:\/\/aragonbilingue.catedu.es\/new\/wp-content\/uploads\/2019\/11\/IMG_20191105_120217-1024x768.jpg\" class=\"attachment-large size-large\" alt=\"\" srcset=\"https:\/\/aragonbilingue.catedu.es\/new\/wp-content\/uploads\/2019\/11\/IMG_20191105_120217-1024x768.jpg 1024w, https:\/\/aragonbilingue.catedu.es\/new\/wp-content\/uploads\/2019\/11\/IMG_20191105_120217-300x225.jpg 300w, https:\/\/aragonbilingue.catedu.es\/new\/wp-content\/uploads\/2019\/11\/IMG_20191105_120217-768x576.jpg 768w, https:\/\/aragonbilingue.catedu.es\/new\/wp-content\/uploads\/2019\/11\/IMG_20191105_120217-e1619512816246.jpg 416w\" sizes=\"auto, (max-width: 955px) 100vw, 955px\" \/><\/a>\n\t\t\t<\/dt><\/dl><br style=\"clear: both\" \/><dl class='gallery-item'>\n\t\t\t<dt class='gallery-icon landscape'>\n\t\t\t\t<a href='https:\/\/aragonbilingue.catedu.es\/new\/visita-de-docentes-daneses-a-aragon\/img_20191105_124818\/'><img loading=\"lazy\" decoding=\"async\" width=\"955\" height=\"716\" src=\"https:\/\/aragonbilingue.catedu.es\/new\/wp-content\/uploads\/2019\/11\/IMG_20191105_124818-1024x768.jpg\" class=\"attachment-large size-large\" alt=\"\" srcset=\"https:\/\/aragonbilingue.catedu.es\/new\/wp-content\/uploads\/2019\/11\/IMG_20191105_124818-1024x768.jpg 1024w, https:\/\/aragonbilingue.catedu.es\/new\/wp-content\/uploads\/2019\/11\/IMG_20191105_124818-300x225.jpg 300w, https:\/\/aragonbilingue.catedu.es\/new\/wp-content\/uploads\/2019\/11\/IMG_20191105_124818-768x576.jpg 768w, https:\/\/aragonbilingue.catedu.es\/new\/wp-content\/uploads\/2019\/11\/IMG_20191105_124818-e1619512803157.jpg 416w\" sizes=\"auto, (max-width: 955px) 100vw, 955px\" \/><\/a>\n\t\t\t<\/dt><\/dl><dl class='gallery-item'>\n\t\t\t<dt class='gallery-icon landscape'>\n\t\t\t\t<a href='https:\/\/aragonbilingue.catedu.es\/new\/visita-de-docentes-daneses-a-aragon\/img_20191105_134034\/'><img loading=\"lazy\" decoding=\"async\" width=\"955\" height=\"716\" src=\"https:\/\/aragonbilingue.catedu.es\/new\/wp-content\/uploads\/2019\/11\/IMG_20191105_134034-1024x768.jpg\" class=\"attachment-large size-large\" alt=\"\" srcset=\"https:\/\/aragonbilingue.catedu.es\/new\/wp-content\/uploads\/2019\/11\/IMG_20191105_134034-1024x768.jpg 1024w, https:\/\/aragonbilingue.catedu.es\/new\/wp-content\/uploads\/2019\/11\/IMG_20191105_134034-300x225.jpg 300w, https:\/\/aragonbilingue.catedu.es\/new\/wp-content\/uploads\/2019\/11\/IMG_20191105_134034-768x576.jpg 768w, https:\/\/aragonbilingue.catedu.es\/new\/wp-content\/uploads\/2019\/11\/IMG_20191105_134034-e1619512788386.jpg 416w\" sizes=\"auto, (max-width: 955px) 100vw, 955px\" \/><\/a>\n\t\t\t<\/dt><\/dl><dl class='gallery-item'>\n\t\t\t<dt class='gallery-icon landscape'>\n\t\t\t\t<a href='https:\/\/aragonbilingue.catedu.es\/new\/visita-de-docentes-daneses-a-aragon\/img_20191105_140852\/'><img loading=\"lazy\" decoding=\"async\" width=\"955\" height=\"716\" src=\"https:\/\/aragonbilingue.catedu.es\/new\/wp-content\/uploads\/2019\/11\/IMG_20191105_140852-1024x768.jpg\" class=\"attachment-large size-large\" alt=\"\" srcset=\"https:\/\/aragonbilingue.catedu.es\/new\/wp-content\/uploads\/2019\/11\/IMG_20191105_140852-1024x768.jpg 1024w, https:\/\/aragonbilingue.catedu.es\/new\/wp-content\/uploads\/2019\/11\/IMG_20191105_140852-300x225.jpg 300w, https:\/\/aragonbilingue.catedu.es\/new\/wp-content\/uploads\/2019\/11\/IMG_20191105_140852-768x576.jpg 768w, https:\/\/aragonbilingue.catedu.es\/new\/wp-content\/uploads\/2019\/11\/IMG_20191105_140852-e1619512762931.jpg 1160w\" sizes=\"auto, (max-width: 955px) 100vw, 955px\" \/><\/a>\n\t\t\t<\/dt><\/dl><br style=\"clear: both\" \/>\n\t\t<\/div>\n\n<p>El segundo d\u00eda visitaron el CEIP Gasc\u00f3n y Mar\u00edn. Tras el asombro por contar con edificio tan majestuoso, disfrutaron de una jornada en la que destacaron la integraci\u00f3n del alumnado con necesidades educativas especiales en las aulas. En Dinamarca la tendencia es a trabajar con ellos fuera del aula o incluso en otros centros educativos, por lo que un gran n\u00famero de preguntas se centraron en ese aspecto, llegando a comentar una propuesta para trasladarlo a sus centros.<\/p>\n\n\t\t<style type=\"text\/css\">\n\t\t\t#gallery-2 {\n\t\t\t\tmargin: auto;\n\t\t\t}\n\t\t\t#gallery-2 .gallery-item {\n\t\t\t\tfloat: left;\n\t\t\t\tmargin-top: 10px;\n\t\t\t\ttext-align: center;\n\t\t\t\twidth: 33%;\n\t\t\t}\n\t\t\t#gallery-2 img {\n\t\t\t\tborder: 2px solid #cfcfcf;\n\t\t\t}\n\t\t\t#gallery-2 .gallery-caption {\n\t\t\t\tmargin-left: 0;\n\t\t\t}\n\t\t\t\/* see gallery_shortcode() in wp-includes\/media.php *\/\n\t\t<\/style>\n\t\t<div id='gallery-2' class='gallery galleryid-2673 gallery-columns-3 gallery-size-large'><dl class='gallery-item'>\n\t\t\t<dt class='gallery-icon landscape'>\n\t\t\t\t<a href='https:\/\/aragonbilingue.catedu.es\/new\/visita-de-docentes-daneses-a-aragon\/img_20191106_101004\/'><img loading=\"lazy\" decoding=\"async\" width=\"955\" height=\"697\" src=\"https:\/\/aragonbilingue.catedu.es\/new\/wp-content\/uploads\/2019\/11\/IMG_20191106_101004-1024x747.jpg\" class=\"attachment-large size-large\" alt=\"\" srcset=\"https:\/\/aragonbilingue.catedu.es\/new\/wp-content\/uploads\/2019\/11\/IMG_20191106_101004-1024x747.jpg 1024w, https:\/\/aragonbilingue.catedu.es\/new\/wp-content\/uploads\/2019\/11\/IMG_20191106_101004-300x219.jpg 300w, https:\/\/aragonbilingue.catedu.es\/new\/wp-content\/uploads\/2019\/11\/IMG_20191106_101004-768x560.jpg 768w\" sizes=\"auto, (max-width: 955px) 100vw, 955px\" \/><\/a>\n\t\t\t<\/dt><\/dl><dl class='gallery-item'>\n\t\t\t<dt class='gallery-icon landscape'>\n\t\t\t\t<a href='https:\/\/aragonbilingue.catedu.es\/new\/visita-de-docentes-daneses-a-aragon\/img_20191106_093013\/'><img loading=\"lazy\" decoding=\"async\" width=\"955\" height=\"716\" src=\"https:\/\/aragonbilingue.catedu.es\/new\/wp-content\/uploads\/2019\/11\/IMG_20191106_093013-1024x768.jpg\" class=\"attachment-large size-large\" alt=\"\" srcset=\"https:\/\/aragonbilingue.catedu.es\/new\/wp-content\/uploads\/2019\/11\/IMG_20191106_093013-1024x768.jpg 1024w, https:\/\/aragonbilingue.catedu.es\/new\/wp-content\/uploads\/2019\/11\/IMG_20191106_093013-300x225.jpg 300w, https:\/\/aragonbilingue.catedu.es\/new\/wp-content\/uploads\/2019\/11\/IMG_20191106_093013-768x576.jpg 768w, https:\/\/aragonbilingue.catedu.es\/new\/wp-content\/uploads\/2019\/11\/IMG_20191106_093013-e1619512743968.jpg 416w\" sizes=\"auto, (max-width: 955px) 100vw, 955px\" \/><\/a>\n\t\t\t<\/dt><\/dl><dl class='gallery-item'>\n\t\t\t<dt class='gallery-icon landscape'>\n\t\t\t\t<a href='https:\/\/aragonbilingue.catedu.es\/new\/visita-de-docentes-daneses-a-aragon\/img_20191106_095121\/'><img loading=\"lazy\" decoding=\"async\" width=\"955\" height=\"716\" src=\"https:\/\/aragonbilingue.catedu.es\/new\/wp-content\/uploads\/2019\/11\/IMG_20191106_095121-1024x768.jpg\" class=\"attachment-large size-large\" alt=\"\" srcset=\"https:\/\/aragonbilingue.catedu.es\/new\/wp-content\/uploads\/2019\/11\/IMG_20191106_095121-1024x768.jpg 1024w, https:\/\/aragonbilingue.catedu.es\/new\/wp-content\/uploads\/2019\/11\/IMG_20191106_095121-300x225.jpg 300w, https:\/\/aragonbilingue.catedu.es\/new\/wp-content\/uploads\/2019\/11\/IMG_20191106_095121-768x576.jpg 768w, https:\/\/aragonbilingue.catedu.es\/new\/wp-content\/uploads\/2019\/11\/IMG_20191106_095121-e1619512728754.jpg 1160w\" sizes=\"auto, (max-width: 955px) 100vw, 955px\" \/><\/a>\n\t\t\t<\/dt><\/dl><br style=\"clear: both\" \/><dl class='gallery-item'>\n\t\t\t<dt class='gallery-icon landscape'>\n\t\t\t\t<a href='https:\/\/aragonbilingue.catedu.es\/new\/visita-de-docentes-daneses-a-aragon\/img_20191106_104423\/'><img loading=\"lazy\" decoding=\"async\" width=\"955\" height=\"716\" src=\"https:\/\/aragonbilingue.catedu.es\/new\/wp-content\/uploads\/2019\/11\/IMG_20191106_104423-1024x768.jpg\" class=\"attachment-large size-large\" alt=\"\" srcset=\"https:\/\/aragonbilingue.catedu.es\/new\/wp-content\/uploads\/2019\/11\/IMG_20191106_104423-1024x768.jpg 1024w, https:\/\/aragonbilingue.catedu.es\/new\/wp-content\/uploads\/2019\/11\/IMG_20191106_104423-300x225.jpg 300w, https:\/\/aragonbilingue.catedu.es\/new\/wp-content\/uploads\/2019\/11\/IMG_20191106_104423-768x576.jpg 768w, https:\/\/aragonbilingue.catedu.es\/new\/wp-content\/uploads\/2019\/11\/IMG_20191106_104423-e1619512643629.jpg 416w\" sizes=\"auto, (max-width: 955px) 100vw, 955px\" \/><\/a>\n\t\t\t<\/dt><\/dl><dl class='gallery-item'>\n\t\t\t<dt class='gallery-icon landscape'>\n\t\t\t\t<a href='https:\/\/aragonbilingue.catedu.es\/new\/visita-de-docentes-daneses-a-aragon\/img_20191106_095125\/'><img loading=\"lazy\" decoding=\"async\" width=\"955\" height=\"716\" src=\"https:\/\/aragonbilingue.catedu.es\/new\/wp-content\/uploads\/2019\/11\/IMG_20191106_095125-1024x768.jpg\" class=\"attachment-large size-large\" alt=\"\" srcset=\"https:\/\/aragonbilingue.catedu.es\/new\/wp-content\/uploads\/2019\/11\/IMG_20191106_095125-1024x768.jpg 1024w, https:\/\/aragonbilingue.catedu.es\/new\/wp-content\/uploads\/2019\/11\/IMG_20191106_095125-300x225.jpg 300w, https:\/\/aragonbilingue.catedu.es\/new\/wp-content\/uploads\/2019\/11\/IMG_20191106_095125-768x576.jpg 768w, https:\/\/aragonbilingue.catedu.es\/new\/wp-content\/uploads\/2019\/11\/IMG_20191106_095125-e1619512711816.jpg 1160w\" sizes=\"auto, (max-width: 955px) 100vw, 955px\" \/><\/a>\n\t\t\t<\/dt><\/dl><dl class='gallery-item'>\n\t\t\t<dt class='gallery-icon landscape'>\n\t\t\t\t<a href='https:\/\/aragonbilingue.catedu.es\/new\/visita-de-docentes-daneses-a-aragon\/img_20191106_095132\/'><img loading=\"lazy\" decoding=\"async\" width=\"955\" height=\"716\" src=\"https:\/\/aragonbilingue.catedu.es\/new\/wp-content\/uploads\/2019\/11\/IMG_20191106_095132-1024x768.jpg\" class=\"attachment-large size-large\" alt=\"\" srcset=\"https:\/\/aragonbilingue.catedu.es\/new\/wp-content\/uploads\/2019\/11\/IMG_20191106_095132-1024x768.jpg 1024w, https:\/\/aragonbilingue.catedu.es\/new\/wp-content\/uploads\/2019\/11\/IMG_20191106_095132-300x225.jpg 300w, https:\/\/aragonbilingue.catedu.es\/new\/wp-content\/uploads\/2019\/11\/IMG_20191106_095132-768x576.jpg 768w, https:\/\/aragonbilingue.catedu.es\/new\/wp-content\/uploads\/2019\/11\/IMG_20191106_095132-e1619512692191.jpg 1160w\" sizes=\"auto, (max-width: 955px) 100vw, 955px\" \/><\/a>\n\t\t\t<\/dt><\/dl><br style=\"clear: both\" \/>\n\t\t<\/div>\n\n<p>El tercer d\u00eda estuvieron en el IES Clara Campoamor Rodr\u00edguez donde, tras plantear preguntas generales sobre nuestro sistema educativo y de acceso a la funci\u00f3n docente y directiva, conocieron de primera mano todas las acciones innovadoras que llevan a cabo en el instituto y comprobaron c\u00f3mo trabaja el alumnado con Chromebooks y plataformas digitales.<\/p>\n\n\t\t<style type=\"text\/css\">\n\t\t\t#gallery-3 {\n\t\t\t\tmargin: auto;\n\t\t\t}\n\t\t\t#gallery-3 .gallery-item {\n\t\t\t\tfloat: left;\n\t\t\t\tmargin-top: 10px;\n\t\t\t\ttext-align: center;\n\t\t\t\twidth: 33%;\n\t\t\t}\n\t\t\t#gallery-3 img {\n\t\t\t\tborder: 2px solid #cfcfcf;\n\t\t\t}\n\t\t\t#gallery-3 .gallery-caption {\n\t\t\t\tmargin-left: 0;\n\t\t\t}\n\t\t\t\/* see gallery_shortcode() in wp-includes\/media.php *\/\n\t\t<\/style>\n\t\t<div id='gallery-3' class='gallery galleryid-2673 gallery-columns-3 gallery-size-large'><dl class='gallery-item'>\n\t\t\t<dt class='gallery-icon landscape'>\n\t\t\t\t<a href='https:\/\/aragonbilingue.catedu.es\/new\/visita-de-docentes-daneses-a-aragon\/img_20191107_093530\/'><img loading=\"lazy\" decoding=\"async\" width=\"955\" height=\"716\" src=\"https:\/\/aragonbilingue.catedu.es\/new\/wp-content\/uploads\/2019\/11\/IMG_20191107_093530-1024x768.jpg\" class=\"attachment-large size-large\" alt=\"\" srcset=\"https:\/\/aragonbilingue.catedu.es\/new\/wp-content\/uploads\/2019\/11\/IMG_20191107_093530-1024x768.jpg 1024w, https:\/\/aragonbilingue.catedu.es\/new\/wp-content\/uploads\/2019\/11\/IMG_20191107_093530-300x225.jpg 300w, https:\/\/aragonbilingue.catedu.es\/new\/wp-content\/uploads\/2019\/11\/IMG_20191107_093530-768x576.jpg 768w, https:\/\/aragonbilingue.catedu.es\/new\/wp-content\/uploads\/2019\/11\/IMG_20191107_093530-e1619512632692.jpg 416w\" sizes=\"auto, (max-width: 955px) 100vw, 955px\" \/><\/a>\n\t\t\t<\/dt><\/dl><dl class='gallery-item'>\n\t\t\t<dt class='gallery-icon landscape'>\n\t\t\t\t<a href='https:\/\/aragonbilingue.catedu.es\/new\/visita-de-docentes-daneses-a-aragon\/img_20191107_100940\/'><img loading=\"lazy\" decoding=\"async\" width=\"955\" height=\"716\" src=\"https:\/\/aragonbilingue.catedu.es\/new\/wp-content\/uploads\/2019\/11\/IMG_20191107_100940-1024x768.jpg\" class=\"attachment-large size-large\" alt=\"\" srcset=\"https:\/\/aragonbilingue.catedu.es\/new\/wp-content\/uploads\/2019\/11\/IMG_20191107_100940-1024x768.jpg 1024w, https:\/\/aragonbilingue.catedu.es\/new\/wp-content\/uploads\/2019\/11\/IMG_20191107_100940-300x225.jpg 300w, https:\/\/aragonbilingue.catedu.es\/new\/wp-content\/uploads\/2019\/11\/IMG_20191107_100940-768x576.jpg 768w, https:\/\/aragonbilingue.catedu.es\/new\/wp-content\/uploads\/2019\/11\/IMG_20191107_100940-e1619512620626.jpg 416w\" sizes=\"auto, (max-width: 955px) 100vw, 955px\" \/><\/a>\n\t\t\t<\/dt><\/dl><dl class='gallery-item'>\n\t\t\t<dt class='gallery-icon landscape'>\n\t\t\t\t<a href='https:\/\/aragonbilingue.catedu.es\/new\/visita-de-docentes-daneses-a-aragon\/img_20191107_103611\/'><img loading=\"lazy\" decoding=\"async\" width=\"955\" height=\"716\" src=\"https:\/\/aragonbilingue.catedu.es\/new\/wp-content\/uploads\/2019\/11\/IMG_20191107_103611-1024x768.jpg\" class=\"attachment-large size-large\" alt=\"\" srcset=\"https:\/\/aragonbilingue.catedu.es\/new\/wp-content\/uploads\/2019\/11\/IMG_20191107_103611-1024x768.jpg 1024w, https:\/\/aragonbilingue.catedu.es\/new\/wp-content\/uploads\/2019\/11\/IMG_20191107_103611-300x225.jpg 300w, https:\/\/aragonbilingue.catedu.es\/new\/wp-content\/uploads\/2019\/11\/IMG_20191107_103611-768x576.jpg 768w, https:\/\/aragonbilingue.catedu.es\/new\/wp-content\/uploads\/2019\/11\/IMG_20191107_103611-e1619512605651.jpg 416w\" sizes=\"auto, (max-width: 955px) 100vw, 955px\" \/><\/a>\n\t\t\t<\/dt><\/dl><br style=\"clear: both\" \/><dl class='gallery-item'>\n\t\t\t<dt class='gallery-icon landscape'>\n\t\t\t\t<a href='https:\/\/aragonbilingue.catedu.es\/new\/visita-de-docentes-daneses-a-aragon\/img_20191107_114707\/'><img loading=\"lazy\" decoding=\"async\" width=\"955\" height=\"716\" src=\"https:\/\/aragonbilingue.catedu.es\/new\/wp-content\/uploads\/2019\/11\/IMG_20191107_114707-1024x768.jpg\" class=\"attachment-large size-large\" alt=\"\" srcset=\"https:\/\/aragonbilingue.catedu.es\/new\/wp-content\/uploads\/2019\/11\/IMG_20191107_114707-1024x768.jpg 1024w, https:\/\/aragonbilingue.catedu.es\/new\/wp-content\/uploads\/2019\/11\/IMG_20191107_114707-300x225.jpg 300w, https:\/\/aragonbilingue.catedu.es\/new\/wp-content\/uploads\/2019\/11\/IMG_20191107_114707-768x576.jpg 768w, https:\/\/aragonbilingue.catedu.es\/new\/wp-content\/uploads\/2019\/11\/IMG_20191107_114707-e1619512589385.jpg 416w\" sizes=\"auto, (max-width: 955px) 100vw, 955px\" \/><\/a>\n\t\t\t<\/dt><\/dl><dl class='gallery-item'>\n\t\t\t<dt class='gallery-icon landscape'>\n\t\t\t\t<a href='https:\/\/aragonbilingue.catedu.es\/new\/visita-de-docentes-daneses-a-aragon\/img_20191107_114714\/'><img loading=\"lazy\" decoding=\"async\" width=\"955\" height=\"716\" src=\"https:\/\/aragonbilingue.catedu.es\/new\/wp-content\/uploads\/2019\/11\/IMG_20191107_114714-1024x768.jpg\" class=\"attachment-large size-large\" alt=\"\" srcset=\"https:\/\/aragonbilingue.catedu.es\/new\/wp-content\/uploads\/2019\/11\/IMG_20191107_114714-1024x768.jpg 1024w, https:\/\/aragonbilingue.catedu.es\/new\/wp-content\/uploads\/2019\/11\/IMG_20191107_114714-300x225.jpg 300w, https:\/\/aragonbilingue.catedu.es\/new\/wp-content\/uploads\/2019\/11\/IMG_20191107_114714-768x576.jpg 768w, https:\/\/aragonbilingue.catedu.es\/new\/wp-content\/uploads\/2019\/11\/IMG_20191107_114714-e1619512576163.jpg 416w\" sizes=\"auto, (max-width: 955px) 100vw, 955px\" \/><\/a>\n\t\t\t<\/dt><\/dl><dl class='gallery-item'>\n\t\t\t<dt class='gallery-icon landscape'>\n\t\t\t\t<a href='https:\/\/aragonbilingue.catedu.es\/new\/visita-de-docentes-daneses-a-aragon\/img_20191107_125642\/'><img loading=\"lazy\" decoding=\"async\" width=\"955\" height=\"716\" src=\"https:\/\/aragonbilingue.catedu.es\/new\/wp-content\/uploads\/2019\/11\/IMG_20191107_125642-1024x768.jpg\" class=\"attachment-large size-large\" alt=\"\" srcset=\"https:\/\/aragonbilingue.catedu.es\/new\/wp-content\/uploads\/2019\/11\/IMG_20191107_125642-1024x768.jpg 1024w, https:\/\/aragonbilingue.catedu.es\/new\/wp-content\/uploads\/2019\/11\/IMG_20191107_125642-300x225.jpg 300w, https:\/\/aragonbilingue.catedu.es\/new\/wp-content\/uploads\/2019\/11\/IMG_20191107_125642-768x576.jpg 768w, https:\/\/aragonbilingue.catedu.es\/new\/wp-content\/uploads\/2019\/11\/IMG_20191107_125642-e1619512564118.jpg 416w\" sizes=\"auto, (max-width: 955px) 100vw, 955px\" \/><\/a>\n\t\t\t<\/dt><\/dl><br style=\"clear: both\" \/>\n\t\t<\/div>\n\n<p>Como conclusi\u00f3n a su visita destacaron, por una parte, el alto nivel de implicaci\u00f3n del profesorado y, por otra, las destrezas del alumnado para comunicarse en una segunda lengua. De hecho, la directora de un centro dan\u00e9s manifest\u00f3 un gran inter\u00e9s por trasladar a su centro nuestro modelo biling\u00fce.<\/p>\n<p>&nbsp;<\/p>\n","protected":false},"excerpt":{"rendered":"<p>La semana pasada recibimos a un grupo de 14 docentes daneses dentro del marco del programa Erasmus+. Pertenecen a los diferentes centros educativos que visitamos en Mayo con el proyecto europeo coordinado por CAREI y la Unidad de Lenguas Extranjeras de la Direcci\u00f3n General de Innovaci\u00f3n \u201cFamilia y escuela hacia una Europa multiling\u00fce\u201d. El objetivo [&hellip;]<\/p>\n","protected":false},"author":34,"featured_media":0,"comment_status":"closed","ping_status":"closed","sticky":false,"template":"","format":"standard","meta":{"_monsterinsights_skip_tracking":false,"_monsterinsights_sitenote_active":false,"_monsterinsights_sitenote_note":"","_monsterinsights_sitenote_category":0,"_jetpack_memberships_contains_paid_content":false,"footnotes":""},"categories":[27,208,16],"tags":[262],"class_list":["post-2673","post","type-post","status-publish","format-standard","hentry","category-buenas_practicas","category-centros-brit-aragon","category-erasmusplus","tag-daneses"],"jetpack_featured_media_url":"","jetpack_sharing_enabled":true,"_links":{"self":[{"href":"https:\/\/aragonbilingue.catedu.es\/new\/wp-json\/wp\/v2\/posts\/2673","targetHints":{"allow":["GET"]}}],"collection":[{"href":"https:\/\/aragonbilingue.catedu.es\/new\/wp-json\/wp\/v2\/posts"}],"about":[{"href":"https:\/\/aragonbilingue.catedu.es\/new\/wp-json\/wp\/v2\/types\/post"}],"author":[{"embeddable":true,"href":"https:\/\/aragonbilingue.catedu.es\/new\/wp-json\/wp\/v2\/users\/34"}],"replies":[{"embeddable":true,"href":"https:\/\/aragonbilingue.catedu.es\/new\/wp-json\/wp\/v2\/comments?post=2673"}],"version-history":[{"count":1,"href":"https:\/\/aragonbilingue.catedu.es\/new\/wp-json\/wp\/v2\/posts\/2673\/revisions"}],"predecessor-version":[{"id":2692,"href":"https:\/\/aragonbilingue.catedu.es\/new\/wp-json\/wp\/v2\/posts\/2673\/revisions\/2692"}],"wp:attachment":[{"href":"https:\/\/aragonbilingue.catedu.es\/new\/wp-json\/wp\/v2\/media?parent=2673"}],"wp:term":[{"taxonomy":"category","embeddable":true,"href":"https:\/\/aragonbilingue.catedu.es\/new\/wp-json\/wp\/v2\/categories?post=2673"},{"taxonomy":"post_tag","embeddable":true,"href":"https:\/\/aragonbilingue.catedu.es\/new\/wp-json\/wp\/v2\/tags?post=2673"}],"curies":[{"name":"wp","href":"https:\/\/api.w.org\/{rel}","templated":true}]}}