{"id":2564,"date":"2019-10-09T11:24:53","date_gmt":"2019-10-09T10:24:53","guid":{"rendered":"http:\/\/aragonbilingue.catedu.es\/new\/?p=2564"},"modified":"2019-10-09T11:24:53","modified_gmt":"2019-10-09T10:24:53","slug":"sesion-informativa-profesores-visitantes","status":"publish","type":"post","link":"https:\/\/aragonbilingue.catedu.es\/new\/sesion-informativa-profesores-visitantes\/","title":{"rendered":"Sesi\u00f3n informativa Profesores visitantes"},"content":{"rendered":"<p>El mi\u00e9rcoles 23 vamos a realizar una sesi\u00f3n informativa en el CP Juan de Lanuza (Zaragoza) sobre el Programa de profesores visitantes y secciones biling\u00fces.<\/p>\n<p>Antonio Go\u00f1i, del Ministerio de Educaci\u00f3n y Formaci\u00f3n Profesional, nos explicar\u00e1 en qu\u00e9 consisten ambos y todas las novedades de la convocatoria de 2019.<\/p>\n<p>Asimismo contaremos con dos profesores visitantes de nuestra Comunidad que nos contar\u00e1n de primera mano c\u00f3mo fueron sus respectivas experiencias:<\/p>\n<ul>\n<li>Raquel Ib\u00e1\u00f1ez: profesora de Matem\u00e1ticas que estuvo en Illinois.<\/li>\n<li>Santi Tobajas: maestro de ingl\u00e9s que particip\u00f3 en Texas.<\/li>\n<\/ul>\n<p>Esperamos que os resulte de utilidad y os anim\u00e9is a solicitarlo.<\/p>\n<p>Las inscripciones se abrir\u00e1n en DOCEO pr\u00f3ximamente.<\/p>\n<p><img loading=\"lazy\" decoding=\"async\" class=\" wp-image-2565 aligncenter\" src=\"http:\/\/aragonbilingue.catedu.es\/new\/wp-content\/uploads\/2019\/10\/Profesores-Visitantes-2019.png\" alt=\"\" width=\"561\" height=\"471\" srcset=\"https:\/\/aragonbilingue.catedu.es\/new\/wp-content\/uploads\/2019\/10\/Profesores-Visitantes-2019.png 940w, https:\/\/aragonbilingue.catedu.es\/new\/wp-content\/uploads\/2019\/10\/Profesores-Visitantes-2019-300x251.png 300w, https:\/\/aragonbilingue.catedu.es\/new\/wp-content\/uploads\/2019\/10\/Profesores-Visitantes-2019-768x644.png 768w\" sizes=\"auto, (max-width: 561px) 100vw, 561px\" \/><\/p>\n","protected":false},"excerpt":{"rendered":"<p>El mi\u00e9rcoles 23 vamos a realizar una sesi\u00f3n informativa en el CP Juan de Lanuza (Zaragoza) sobre el Programa de profesores visitantes y secciones biling\u00fces. Antonio Go\u00f1i, del Ministerio de Educaci\u00f3n y Formaci\u00f3n Profesional, nos explicar\u00e1 en qu\u00e9 consisten ambos y todas las novedades de la convocatoria de 2019. Asimismo contaremos con dos profesores visitantes [&hellip;]<\/p>\n","protected":false},"author":1,"featured_media":0,"comment_status":"closed","ping_status":"closed","sticky":false,"template":"","format":"standard","meta":{"_monsterinsights_skip_tracking":false,"_monsterinsights_sitenote_active":false,"_monsterinsights_sitenote_note":"","_monsterinsights_sitenote_category":0,"_jetpack_memberships_contains_paid_content":false,"footnotes":""},"categories":[27,26],"tags":[246,215,252],"class_list":["post-2564","post","type-post","status-publish","format-standard","hentry","category-buenas_practicas","category-estancias_formativas","tag-mefp","tag-profesores-visitantes","tag-secciones-bilingues"],"jetpack_featured_media_url":"","jetpack_sharing_enabled":true,"_links":{"self":[{"href":"https:\/\/aragonbilingue.catedu.es\/new\/wp-json\/wp\/v2\/posts\/2564","targetHints":{"allow":["GET"]}}],"collection":[{"href":"https:\/\/aragonbilingue.catedu.es\/new\/wp-json\/wp\/v2\/posts"}],"about":[{"href":"https:\/\/aragonbilingue.catedu.es\/new\/wp-json\/wp\/v2\/types\/post"}],"author":[{"embeddable":true,"href":"https:\/\/aragonbilingue.catedu.es\/new\/wp-json\/wp\/v2\/users\/1"}],"replies":[{"embeddable":true,"href":"https:\/\/aragonbilingue.catedu.es\/new\/wp-json\/wp\/v2\/comments?post=2564"}],"version-history":[{"count":3,"href":"https:\/\/aragonbilingue.catedu.es\/new\/wp-json\/wp\/v2\/posts\/2564\/revisions"}],"predecessor-version":[{"id":2568,"href":"https:\/\/aragonbilingue.catedu.es\/new\/wp-json\/wp\/v2\/posts\/2564\/revisions\/2568"}],"wp:attachment":[{"href":"https:\/\/aragonbilingue.catedu.es\/new\/wp-json\/wp\/v2\/media?parent=2564"}],"wp:term":[{"taxonomy":"category","embeddable":true,"href":"https:\/\/aragonbilingue.catedu.es\/new\/wp-json\/wp\/v2\/categories?post=2564"},{"taxonomy":"post_tag","embeddable":true,"href":"https:\/\/aragonbilingue.catedu.es\/new\/wp-json\/wp\/v2\/tags?post=2564"}],"curies":[{"name":"wp","href":"https:\/\/api.w.org\/{rel}","templated":true}]}}