{"id":2478,"date":"2019-09-17T13:21:03","date_gmt":"2019-09-17T12:21:03","guid":{"rendered":"http:\/\/aragonbilingue.catedu.es\/new\/?p=2478"},"modified":"2019-09-20T13:22:03","modified_gmt":"2019-09-20T12:22:03","slug":"convocatoria-b2-c1-c2-carlee","status":"publish","type":"post","link":"https:\/\/aragonbilingue.catedu.es\/new\/convocatoria-b2-c1-c2-carlee\/","title":{"rendered":"Convocatoria B2-C1-C2 CARLEE"},"content":{"rendered":"<p><img loading=\"lazy\" decoding=\"async\" class=\"wp-image-1515 aligncenter\" src=\"http:\/\/aragonbilingue.catedu.es\/new\/wp-content\/uploads\/2018\/05\/logo-1024x531.jpg\" alt=\"\" width=\"335\" height=\"174\" srcset=\"https:\/\/aragonbilingue.catedu.es\/new\/wp-content\/uploads\/2018\/05\/logo-1024x531.jpg 1024w, https:\/\/aragonbilingue.catedu.es\/new\/wp-content\/uploads\/2018\/05\/logo-300x156.jpg 300w, https:\/\/aragonbilingue.catedu.es\/new\/wp-content\/uploads\/2018\/05\/logo-768x399.jpg 768w, https:\/\/aragonbilingue.catedu.es\/new\/wp-content\/uploads\/2018\/05\/logo.jpg 1865w\" sizes=\"auto, (max-width: 335px) 100vw, 335px\" \/><\/p>\n<p>Abierta la convocatoria de formaci\u00f3n ling\u00fc\u00edstico-metodol\u00f3gica en CARLEE.<\/p>\n<p>Inscripciones en DOCEO del 18 de septiembre al 1 de octubre.<\/p>\n<p>M\u00e1s informaci\u00f3n pinchando en cada convocatoria:<\/p>\n<p><img loading=\"lazy\" decoding=\"async\" class=\"wp-image-2496 alignleft\" src=\"http:\/\/aragonbilingue.catedu.es\/new\/wp-content\/uploads\/2019\/09\/b2.png\" alt=\"\" width=\"120\" height=\"117\" srcset=\"https:\/\/aragonbilingue.catedu.es\/new\/wp-content\/uploads\/2019\/09\/b2.png 321w, https:\/\/aragonbilingue.catedu.es\/new\/wp-content\/uploads\/2019\/09\/b2-300x293.png 300w, https:\/\/aragonbilingue.catedu.es\/new\/wp-content\/uploads\/2019\/09\/b2-50x50.png 50w\" sizes=\"auto, (max-width: 120px) 100vw, 120px\" \/><\/p>\n<p>&nbsp;<\/p>\n<p><a href=\"https:\/\/app.box.com\/s\/uglobi12bbyczgtc31d1n1hptx8yrgqt\" target=\"_blank\" rel=\"noopener\">Convocatoria B2<\/a><\/p>\n<p><a href=\"https:\/\/app.box.com\/s\/e3m8levvfeo7hb4queppqyaxjislj90j\" target=\"_blank\" rel=\"noopener\">Anexo B2<\/a><\/p>\n<p>&nbsp;<\/p>\n<p>&nbsp;<\/p>\n<p><img loading=\"lazy\" decoding=\"async\" class=\"wp-image-2497 alignleft\" src=\"http:\/\/aragonbilingue.catedu.es\/new\/wp-content\/uploads\/2019\/09\/C1.png\" alt=\"\" width=\"117\" height=\"114\" srcset=\"https:\/\/aragonbilingue.catedu.es\/new\/wp-content\/uploads\/2019\/09\/C1.png 321w, https:\/\/aragonbilingue.catedu.es\/new\/wp-content\/uploads\/2019\/09\/C1-300x293.png 300w, https:\/\/aragonbilingue.catedu.es\/new\/wp-content\/uploads\/2019\/09\/C1-50x50.png 50w\" sizes=\"auto, (max-width: 117px) 100vw, 117px\" \/><\/p>\n<p>&nbsp;<\/p>\n<p>&nbsp;<\/p>\n<p>&nbsp;<\/p>\n<p><a href=\"https:\/\/app.box.com\/s\/sxc9ql540kcxzm7yggoznizhjedc65nu\" target=\"_blank\" rel=\"noopener\">Convocatoria C1<\/a><\/p>\n<p><a href=\"https:\/\/app.box.com\/s\/z9hjtacjpe7u84p5hxujbgo02lgr5fos\" target=\"_blank\" rel=\"noopener\">Anexo C1<\/a><\/p>\n<p>&nbsp;<\/p>\n<p>&nbsp;<\/p>\n<p>&nbsp;<\/p>\n<p>&nbsp;<\/p>\n<p><img loading=\"lazy\" decoding=\"async\" class=\"wp-image-2498 alignleft\" src=\"http:\/\/aragonbilingue.catedu.es\/new\/wp-content\/uploads\/2019\/09\/c2.png\" alt=\"\" width=\"104\" height=\"104\" srcset=\"https:\/\/aragonbilingue.catedu.es\/new\/wp-content\/uploads\/2019\/09\/c2.png 675w, https:\/\/aragonbilingue.catedu.es\/new\/wp-content\/uploads\/2019\/09\/c2-150x150.png 150w, https:\/\/aragonbilingue.catedu.es\/new\/wp-content\/uploads\/2019\/09\/c2-300x300.png 300w, https:\/\/aragonbilingue.catedu.es\/new\/wp-content\/uploads\/2019\/09\/c2-50x50.png 50w\" sizes=\"auto, (max-width: 104px) 100vw, 104px\" \/><\/p>\n<p><a href=\"https:\/\/app.box.com\/s\/f5wwxtgf7mvq8hdrelhgun02d09ffjh7\" target=\"_blank\" rel=\"noopener\">Convocatoria C2<\/a><\/p>\n<p><a href=\"https:\/\/app.box.com\/s\/sntc6dcloc4edfv7ovd0wizv6zxo2y4t\" target=\"_blank\" rel=\"noopener\">Anexo C2<\/a><\/p>\n<p>&nbsp;<\/p>\n<p>&nbsp;<\/p>\n<p>&nbsp;<\/p>\n<p>&nbsp;<\/p>\n<p><img loading=\"lazy\" decoding=\"async\" class=\"wp-image-2483 aligncenter\" src=\"http:\/\/aragonbilingue.catedu.es\/new\/wp-content\/uploads\/2019\/09\/carlee8-907x1024.jpg\" alt=\"\" width=\"183\" height=\"206\" \/><\/p>\n","protected":false},"excerpt":{"rendered":"<p>Abierta la convocatoria de formaci\u00f3n ling\u00fc\u00edstico-metodol\u00f3gica en CARLEE. Inscripciones en DOCEO del 18 de septiembre al 1 de octubre. M\u00e1s informaci\u00f3n pinchando en cada convocatoria: &nbsp; Convocatoria B2 Anexo B2 &nbsp; &nbsp; &nbsp; &nbsp; &nbsp; Convocatoria C1 Anexo C1 &nbsp; &nbsp; &nbsp; &nbsp; Convocatoria C2 Anexo C2 &nbsp; &nbsp; &nbsp; &nbsp;<\/p>\n","protected":false},"author":1,"featured_media":0,"comment_status":"closed","ping_status":"closed","sticky":false,"template":"","format":"standard","meta":{"_monsterinsights_skip_tracking":false,"_monsterinsights_sitenote_active":false,"_monsterinsights_sitenote_note":"","_monsterinsights_sitenote_category":0,"_jetpack_memberships_contains_paid_content":false,"footnotes":""},"categories":[1,233,8,7],"tags":[164,133,244],"class_list":["post-2478","post","type-post","status-publish","format-standard","hentry","category-blog","category-carlee","category-frances","category-ingles","tag-b2","tag-c1","tag-c2"],"jetpack_featured_media_url":"","jetpack_sharing_enabled":true,"_links":{"self":[{"href":"https:\/\/aragonbilingue.catedu.es\/new\/wp-json\/wp\/v2\/posts\/2478","targetHints":{"allow":["GET"]}}],"collection":[{"href":"https:\/\/aragonbilingue.catedu.es\/new\/wp-json\/wp\/v2\/posts"}],"about":[{"href":"https:\/\/aragonbilingue.catedu.es\/new\/wp-json\/wp\/v2\/types\/post"}],"author":[{"embeddable":true,"href":"https:\/\/aragonbilingue.catedu.es\/new\/wp-json\/wp\/v2\/users\/1"}],"replies":[{"embeddable":true,"href":"https:\/\/aragonbilingue.catedu.es\/new\/wp-json\/wp\/v2\/comments?post=2478"}],"version-history":[{"count":7,"href":"https:\/\/aragonbilingue.catedu.es\/new\/wp-json\/wp\/v2\/posts\/2478\/revisions"}],"predecessor-version":[{"id":2533,"href":"https:\/\/aragonbilingue.catedu.es\/new\/wp-json\/wp\/v2\/posts\/2478\/revisions\/2533"}],"wp:attachment":[{"href":"https:\/\/aragonbilingue.catedu.es\/new\/wp-json\/wp\/v2\/media?parent=2478"}],"wp:term":[{"taxonomy":"category","embeddable":true,"href":"https:\/\/aragonbilingue.catedu.es\/new\/wp-json\/wp\/v2\/categories?post=2478"},{"taxonomy":"post_tag","embeddable":true,"href":"https:\/\/aragonbilingue.catedu.es\/new\/wp-json\/wp\/v2\/tags?post=2478"}],"curies":[{"name":"wp","href":"https:\/\/api.w.org\/{rel}","templated":true}]}}