{"id":2442,"date":"2019-09-03T08:35:08","date_gmt":"2019-09-03T07:35:08","guid":{"rendered":"http:\/\/aragonbilingue.catedu.es\/new\/?p=2442"},"modified":"2019-09-04T08:55:51","modified_gmt":"2019-09-04T07:55:51","slug":"12-centros-aragoneses-reciben-el-sello-label-france-education","status":"publish","type":"post","link":"https:\/\/aragonbilingue.catedu.es\/new\/12-centros-aragoneses-reciben-el-sello-label-france-education\/","title":{"rendered":"12 centros aragoneses reciben el Sello &#8220;LabelFranc\u00c9ducation&#8221;"},"content":{"rendered":"<p><img loading=\"lazy\" decoding=\"async\" class=\" wp-image-2443 alignleft\" src=\"http:\/\/aragonbilingue.catedu.es\/new\/wp-content\/uploads\/2019\/09\/label.png\" alt=\"\" width=\"263\" height=\"262\" srcset=\"https:\/\/aragonbilingue.catedu.es\/new\/wp-content\/uploads\/2019\/09\/label.png 180w, https:\/\/aragonbilingue.catedu.es\/new\/wp-content\/uploads\/2019\/09\/label-150x150.png 150w, https:\/\/aragonbilingue.catedu.es\/new\/wp-content\/uploads\/2019\/09\/label-50x50.png 50w\" sizes=\"auto, (max-width: 263px) 100vw, 263px\" \/><\/p>\n<p>&nbsp;<\/p>\n<p><strong>12 centros aragoneses\u00a0 han sido seleccionados con el sello <a href=\"https:\/\/www.diplomatie.gouv.fr\/IMG\/pdf_bo\/EAEM1920391A.pdf\" target=\"_blank\" rel=\"noopener\">&#8220;LabelFranc\u00c9ducation&#8221;<\/a><\/strong>, prestigiosa distinci\u00f3n internacional otorgada por el Ministro de Asuntos Exteriores de la Rep\u00fablica Francesa a los centros que sobresalen por ofrecer una ense\u00f1anza biling\u00fce de la lengua y la cultura francesa.<\/p>\n<p>Esta acreditaci\u00f3n se concede tras una evaluaci\u00f3n externa por parte del Agencia de\u00a0Ense\u00f1anza del Franc\u00e9s en el Extranjero (AEFE), que aplica rigurosos criterios\u00a0 de\u00a0selecci\u00f3n tales como: impartir un porcentaje superior al 33% de materias en\u00a0franc\u00e9s, contar con un equipo de profesorado en su secci\u00f3n biling\u00fce altamente\u00a0cualificado y acreditado, contemplar una pol\u00edtica educativa de un fuerte\u00a0compromiso con la gesti\u00f3n de calidad, involucrar al alumnado en programas\u00a0internacionales oficiales de idiomas (Bachibac, ex\u00e1menes DELF-DALF) o\u00a0potenciar, a trav\u00e9s de actividades complementarias, el inter\u00e9s e intercambio\u00a0cultural franc\u00f3fono (intercambios escolares, exposiciones, conferencias, etc.).<br \/>\nSe concede por un per\u00edodo de tres a\u00f1os, siendo renovable al t\u00e9rmino del mismo\u00a0tras una nueva evaluaci\u00f3n positiva.<\/p>\n<p>La concesi\u00f3n del sello implica, adem\u00e1s, formar parte de la red mundial \u201cLabelFranc\u00c9ducation\u201d, que concede acceso privilegiado a servicios que refuerzan la\u00a0calidad de la ense\u00f1anza dispensada, tales como: sesiones de formaci\u00f3n para el\u00a0profesorado, apoyo econ\u00f3mico a proyectos de innovaci\u00f3n educativa, intercambios\u00a0de experiencias entre los responsables de los centros de la red, o acceso a\u00a0m\u00faltiples recursos online.<\/p>\n<p>Junto con los 2 centros que ya ten\u00edan el sello, contamos con estos 14 en la Comunidad.<\/p>\n<ul>\n<li>CEIP Pedro I (Barbastro)<\/li>\n<li>IES Mart\u00ednez Vargas (Barbastro)<\/li>\n<li>CEIP Monte Oroel (Jaca)<\/li>\n<li>IES Domingo Miral (Jaca)<\/li>\n<li>CEIP Puente Sardas (Sabi\u00f1\u00e1nigo)<\/li>\n<li>IES Biello Arag\u00f3n (Sabi\u00f1\u00e1nigo)<\/li>\n<li>CEIP Vadorrey &#8211; Les All\u00e9es (Zaragoza)<\/li>\n<li>CPI R\u00edo Sena\u00a0(Zaragoza)<\/li>\n<li>IES Corona de Arag\u00f3n\u00a0(Zaragoza)<\/li>\n<li>IES Jer\u00f3nimo Zurita\u00a0(Zaragoza)<\/li>\n<li>IES Miguel de Molinos\u00a0(Zaragoza)<\/li>\n<li>IES Pilar Lorengar\u00a0(Zaragoza)<\/li>\n<li>CEIP Pierres Vedel (Teruel)<\/li>\n<li>IES Vega del Turia (Teruel)<\/li>\n<\/ul>\n<p style=\"text-align: center;\"><strong>ENHORABUENA A TODOS POR VUESTRO GRAN TRABAJO<\/strong><\/p>\n<p><img loading=\"lazy\" decoding=\"async\" class=\"wp-image-2444 aligncenter\" src=\"http:\/\/aragonbilingue.catedu.es\/new\/wp-content\/uploads\/2019\/09\/felicitations.jpg\" alt=\"\" width=\"790\" height=\"261\" srcset=\"https:\/\/aragonbilingue.catedu.es\/new\/wp-content\/uploads\/2019\/09\/felicitations.jpg 593w, https:\/\/aragonbilingue.catedu.es\/new\/wp-content\/uploads\/2019\/09\/felicitations-300x99.jpg 300w\" sizes=\"auto, (max-width: 790px) 100vw, 790px\" \/><\/p>\n","protected":false},"excerpt":{"rendered":"<p>&nbsp; 12 centros aragoneses\u00a0 han sido seleccionados con el sello &#8220;LabelFranc\u00c9ducation&#8221;, prestigiosa distinci\u00f3n internacional otorgada por el Ministro de Asuntos Exteriores de la Rep\u00fablica Francesa a los centros que sobresalen por ofrecer una ense\u00f1anza biling\u00fce de la lengua y la cultura francesa. Esta acreditaci\u00f3n se concede tras una evaluaci\u00f3n externa por parte del Agencia de\u00a0Ense\u00f1anza [&hellip;]<\/p>\n","protected":false},"author":1,"featured_media":0,"comment_status":"closed","ping_status":"closed","sticky":false,"template":"","format":"standard","meta":{"_monsterinsights_skip_tracking":false,"_monsterinsights_sitenote_active":false,"_monsterinsights_sitenote_note":"","_monsterinsights_sitenote_category":0,"_jetpack_memberships_contains_paid_content":false,"footnotes":""},"categories":[27,8,30],"tags":[238],"class_list":["post-2442","post","type-post","status-publish","format-standard","hentry","category-buenas_practicas","category-frances","category-metodologia","tag-labelfranceducation"],"jetpack_featured_media_url":"","jetpack_sharing_enabled":true,"_links":{"self":[{"href":"https:\/\/aragonbilingue.catedu.es\/new\/wp-json\/wp\/v2\/posts\/2442","targetHints":{"allow":["GET"]}}],"collection":[{"href":"https:\/\/aragonbilingue.catedu.es\/new\/wp-json\/wp\/v2\/posts"}],"about":[{"href":"https:\/\/aragonbilingue.catedu.es\/new\/wp-json\/wp\/v2\/types\/post"}],"author":[{"embeddable":true,"href":"https:\/\/aragonbilingue.catedu.es\/new\/wp-json\/wp\/v2\/users\/1"}],"replies":[{"embeddable":true,"href":"https:\/\/aragonbilingue.catedu.es\/new\/wp-json\/wp\/v2\/comments?post=2442"}],"version-history":[{"count":5,"href":"https:\/\/aragonbilingue.catedu.es\/new\/wp-json\/wp\/v2\/posts\/2442\/revisions"}],"predecessor-version":[{"id":2450,"href":"https:\/\/aragonbilingue.catedu.es\/new\/wp-json\/wp\/v2\/posts\/2442\/revisions\/2450"}],"wp:attachment":[{"href":"https:\/\/aragonbilingue.catedu.es\/new\/wp-json\/wp\/v2\/media?parent=2442"}],"wp:term":[{"taxonomy":"category","embeddable":true,"href":"https:\/\/aragonbilingue.catedu.es\/new\/wp-json\/wp\/v2\/categories?post=2442"},{"taxonomy":"post_tag","embeddable":true,"href":"https:\/\/aragonbilingue.catedu.es\/new\/wp-json\/wp\/v2\/tags?post=2442"}],"curies":[{"name":"wp","href":"https:\/\/api.w.org\/{rel}","templated":true}]}}