{"id":2365,"date":"2019-06-05T11:17:25","date_gmt":"2019-06-05T10:17:25","guid":{"rendered":"http:\/\/aragonbilingue.catedu.es\/new\/?p=2365"},"modified":"2019-06-05T11:18:17","modified_gmt":"2019-06-05T10:18:17","slug":"erasmus-listado-de-centros-seleccionados-ka101-y-ka104","status":"publish","type":"post","link":"https:\/\/aragonbilingue.catedu.es\/new\/erasmus-listado-de-centros-seleccionados-ka101-y-ka104\/","title":{"rendered":"ERASMUS+ Listado de centros seleccionados KA101 y KA104"},"content":{"rendered":"<p><span style=\"font-family: 'trebuchet ms', geneva, sans-serif;\">Desde la Direcci\u00f3n General de Innovaci\u00f3n, Equidad y Participaci\u00f3n queremos felicitar a todos los centros que han solicitado un proyecto Erasmus+ en la convocatoria de 2019.\u00a0<\/span><\/p>\n<p><span style=\"font-family: 'trebuchet ms', geneva, sans-serif;\">Pod\u00e9is acceder a los enlaces de cada acci\u00f3n aqu\u00ed.<\/span><\/p>\n<h3 class=\"listados\"><i class=\"fa fa-file-pdf-o pdf fa-lg\"><\/i><span style=\"font-family: 'trebuchet ms', geneva, sans-serif;\">\u00a0<a href=\"http:\/\/sepie.es\/doc\/convocatoria\/2019\/resoluciones\/junio\/KA1\/resolucion.pdf\">Resoluci\u00f3n<\/a><\/span><\/h3>\n<p class=\"listados\"><span style=\"font-family: 'trebuchet ms', geneva, sans-serif;\">Movilidad de las personas por motivos de aprendizaje en el sector de Educaci\u00f3n Escolar (KA101).<\/span><\/p>\n<ul class=\"nocircle\">\n<li><i class=\"fa fa-file-pdf-o pdf fa-lg\"><\/i>\u00a0<a href=\"http:\/\/sepie.es\/doc\/convocatoria\/2019\/resoluciones\/junio\/KA1\/20190531102504_AnexoI_KA101_seleccionadas.pdf\">Anexo I, apartado 1: Listado de solicitudes seleccionadas KA101<\/a><\/li>\n<li><i class=\"fa fa-file-pdf-o pdf fa-lg\"><\/i>\u00a0<a href=\"http:\/\/sepie.es\/doc\/convocatoria\/2019\/resoluciones\/junio\/KA1\/20190531102504_AnexoI_KA101_listareserva.pdf\">Anexo I, apartado 2: Listado de solicitudes en lista de reserva KA101<\/a><\/li>\n<li><i class=\"fa fa-file-pdf-o pdf fa-lg\"><\/i>\u00a0<a href=\"http:\/\/sepie.es\/doc\/convocatoria\/2019\/resoluciones\/junio\/KA1\/20190531102504_AnexoI_KA101_rechazadas.pdf\">Anexo I, apartado 3: Listado de solicitudes rechazadas KA101<\/a><\/li>\n<li><i class=\"fa fa-file-pdf-o pdf fa-lg\"><\/i>\u00a0<a href=\"http:\/\/sepie.es\/doc\/convocatoria\/2019\/resoluciones\/junio\/KA1\/20190531102504_AnexoI_KA101_excluidas.pdf\">Anexo I, apartado 4: Listado de solicitudes excluidas KA101<\/a><\/li>\n<\/ul>\n<p class=\"listados\"><span style=\"font-family: 'trebuchet ms', geneva, sans-serif;\">Movilidad de las personas por motivos de aprendizaje en el sector de Educaci\u00f3n de Personas Adultas (KA104).<\/span><\/p>\n<ul class=\"nocircle\">\n<li><i class=\"fa fa-file-pdf-o pdf fa-lg\"><\/i>\u00a0<a href=\"http:\/\/sepie.es\/doc\/convocatoria\/2019\/resoluciones\/junio\/KA1\/20190531102504_AnexoIV_KA104_seleccionadas.pdf\">Anexo IV, apartado 1: Listado de solicitudes seleccionadas KA104<\/a><\/li>\n<li><i class=\"fa fa-file-pdf-o pdf fa-lg\"><\/i>\u00a0<a href=\"http:\/\/sepie.es\/doc\/convocatoria\/2019\/resoluciones\/junio\/KA1\/20190531102504_AnexoIV_KA104_rechazadas.pdf\">Anexo IV, apartado 2: Listado de solicitudes rechazadas KA104<\/a><\/li>\n<li><i class=\"fa fa-file-pdf-o pdf fa-lg\"><\/i>\u00a0<a href=\"http:\/\/sepie.es\/doc\/convocatoria\/2019\/resoluciones\/junio\/KA1\/20190531102504_AnexoIV_KA104_excluidas.pdf\">Anexo IV, apartado 3: Listado de solicitudes excluidas KA104<\/a><\/li>\n<\/ul>\n<p><img loading=\"lazy\" decoding=\"async\" class=\" wp-image-2367 aligncenter\" src=\"http:\/\/aragonbilingue.catedu.es\/new\/wp-content\/uploads\/2019\/06\/enhorabuena-1.jpg\" alt=\"\" width=\"555\" height=\"304\" srcset=\"https:\/\/aragonbilingue.catedu.es\/new\/wp-content\/uploads\/2019\/06\/enhorabuena-1.jpg 497w, https:\/\/aragonbilingue.catedu.es\/new\/wp-content\/uploads\/2019\/06\/enhorabuena-1-300x165.jpg 300w\" sizes=\"auto, (max-width: 555px) 100vw, 555px\" \/><\/p>\n<p><strong><span style=\"font-family: 'trebuchet ms', geneva, sans-serif;\">Estos son los proyectos que han resultado seleccionados en Arag\u00f3n.<\/span><\/strong><\/p>\n<p><span style=\"color: #99cc00; font-family: 'trebuchet ms', geneva, sans-serif; font-size: 14pt;\"><strong><span style=\"color: #99cc00;\">KA 101<\/span>\u00a0<\/strong><\/span><\/p>\n<table style=\"width: 1198px;\">\n<tbody>\n<tr>\n<td style=\"width: 313.733px;\"><strong>CENTRO<\/strong><\/td>\n<td style=\"width: 164.267px;\"><strong>LOCALIDAD<\/strong><\/td>\n<td style=\"width: 458px;\"><strong>PROYECTO<\/strong><\/td>\n<td style=\"width: 119px;\"><strong>PRESUPUESTO<\/strong><\/td>\n<td style=\"width: 81px;\"><strong>MOVILIDADES<\/strong><\/td>\n<\/tr>\n<tr>\n<td style=\"width: 313.733px;\">IES CONDE ARANDA<\/td>\n<td style=\"width: 164.267px;\">Alag\u00f3n<\/td>\n<td style=\"width: 458px;\">En el Conde se con-vive: igualdad, diversidad e inclusi\u00f3n en la comunidad educativa del IES Conde de Aranda<\/td>\n<td style=\"width: 119px;\">10.936 \u20ac<\/td>\n<td style=\"width: 81px;\">7<\/td>\n<\/tr>\n<tr>\n<td style=\"width: 313.733px;\">IES PARQUE GOYA<\/td>\n<td style=\"width: 164.267px;\">Zaragoza<\/td>\n<td style=\"width: 458px;\">Goya Innovation Lab<\/td>\n<td style=\"width: 119px;\">21.044 \u20ac<\/td>\n<td style=\"width: 81px;\">12<\/td>\n<\/tr>\n<tr>\n<td style=\"width: 313.733px;\">IES MATARRA\u00d1A<\/td>\n<td style=\"width: 164.267px;\">Valderrobres<\/td>\n<td style=\"width: 458px;\">Seguimos en movimiento<\/td>\n<td style=\"width: 119px;\">16.095 \u20ac<\/td>\n<td style=\"width: 81px;\">7<\/td>\n<\/tr>\n<tr>\n<td style=\"width: 313.733px;\">CEIP ODON DE BUEN<\/td>\n<td style=\"width: 164.267px;\">Zuera<\/td>\n<td style=\"width: 458px;\">Odon+ activo: autonom\u00eda, cooperativo, tecnolog\u00eda, innovaci\u00f3n, vivencial y oportunidades<\/td>\n<td style=\"width: 119px;\">15.025 \u20ac<\/td>\n<td style=\"width: 81px;\">8<\/td>\n<\/tr>\n<tr>\n<td style=\"width: 313.733px;\">CPEE GLORIA FUERTES<\/td>\n<td style=\"width: 164.267px;\">Andorra<\/td>\n<td style=\"width: 458px;\">\u00a0Observaci\u00f3n + Inclusi\u00f3n<\/td>\n<td style=\"width: 119px;\">22.352 \u20ac<\/td>\n<td style=\"width: 81px;\">16<\/td>\n<\/tr>\n<tr>\n<td style=\"width: 313.733px;\">IES PABLO SERRANO<\/td>\n<td style=\"width: 164.267px;\">Zaragoza<\/td>\n<td style=\"width: 458px;\">Lenguaje, cultura y debate<\/td>\n<td style=\"width: 119px;\">6.902 \u20ac<\/td>\n<td style=\"width: 81px;\">3<\/td>\n<\/tr>\n<tr>\n<td style=\"width: 313.733px;\">IES SEGUNDO DE CHOM\u00d3N<\/td>\n<td style=\"width: 164.267px;\">Teruel<\/td>\n<td style=\"width: 458px;\">Patrimonio local, herencia universal<\/td>\n<td style=\"width: 119px;\">8.612 \u20ac<\/td>\n<td style=\"width: 81px;\">5<\/td>\n<\/tr>\n<tr>\n<td style=\"width: 313.733px;\">IES REYES CAT\u00d3LICOS<\/td>\n<td style=\"width: 164.267px;\">Ejea de los Caballeros<\/td>\n<td style=\"width: 458px;\">Impulso al desarrollo educativo europeo<\/td>\n<td style=\"width: 119px;\">12.665 \u20ac<\/td>\n<td style=\"width: 81px;\">9<\/td>\n<\/tr>\n<tr>\n<td style=\"width: 313.733px;\">CRA PALMIRA PL\u00c1<\/td>\n<td style=\"width: 164.267px;\">Cedrillas<\/td>\n<td style=\"width: 458px;\">Palmira Pl\u00e1 descubre mundo<\/td>\n<td style=\"width: 119px;\">8.495 \u20ac<\/td>\n<td style=\"width: 81px;\">5<\/td>\n<\/tr>\n<tr>\n<td style=\"width: 313.733px;\">IES VALDESPARTERA<\/td>\n<td style=\"width: 164.267px;\">Zaragoza<\/td>\n<td style=\"width: 458px;\">Protagonistas de nuestro aprendizaje<\/td>\n<td style=\"width: 119px;\">35.138 \u20ac<\/td>\n<td style=\"width: 81px;\">15<\/td>\n<\/tr>\n<tr>\n<td style=\"width: 313.733px;\">CEIP MIGUEL ARTAZOS TAM\u00c9<\/td>\n<td style=\"width: 164.267px;\">Utebo<\/td>\n<td style=\"width: 458px;\">Metodolog\u00edas integradoras en Ed. Infantil y Primaria<\/td>\n<td style=\"width: 119px;\">18.710 \u20ac<\/td>\n<td style=\"width: 81px;\">10<\/td>\n<\/tr>\n<tr>\n<td style=\"width: 313.733px;\">IES TORRE DE LOS ESPEJOS<\/td>\n<td style=\"width: 164.267px;\">Utebo<\/td>\n<td style=\"width: 458px;\">Re-moviendo fronteras<\/td>\n<td style=\"width: 119px;\">21.679 \u20ac<\/td>\n<td style=\"width: 81px;\">10<\/td>\n<\/tr>\n<tr>\n<td style=\"width: 313.733px;\">IES MIGUEL CATAL\u00c1N<\/td>\n<td style=\"width: 164.267px;\">Zaragoza<\/td>\n<td style=\"width: 458px;\">Go Europe! Mejorando habilidades y ampliando horizontes<\/td>\n<td style=\"width: 119px;\">15.044 \u20ac<\/td>\n<td style=\"width: 81px;\">9<\/td>\n<\/tr>\n<tr>\n<td style=\"width: 313.733px;\">CEIP FORO ROMANO<\/td>\n<td style=\"width: 164.267px;\">Cuarte de Huerva<\/td>\n<td style=\"width: 458px;\">Foro innovadores. Proyecto europeo para el impulso a la innovaci\u00f3n y metodolog\u00edas activas<\/td>\n<td style=\"width: 119px;\">19.406 \u20ac<\/td>\n<td style=\"width: 81px;\">10<\/td>\n<\/tr>\n<tr>\n<td style=\"width: 313.733px;\">CEIP JUAN SOBRARIAS<\/td>\n<td style=\"width: 164.267px;\">Alca\u00f1iz<\/td>\n<td style=\"width: 458px;\">Aprender juntos e Innovar juntos: inteligencias m\u00faltiples (continuaci\u00f3n)<\/td>\n<td style=\"width: 119px;\">28.150 \u20ac<\/td>\n<td style=\"width: 81px;\">10<\/td>\n<\/tr>\n<tr>\n<td style=\"width: 313.733px;\">IES EL PICARRAL<\/td>\n<td style=\"width: 164.267px;\">Zaragoza<\/td>\n<td style=\"width: 458px;\">Oportunidades de cambio<\/td>\n<td style=\"width: 119px;\">16.324 \u20ac<\/td>\n<td style=\"width: 81px;\">10<\/td>\n<\/tr>\n<tr>\n<td style=\"width: 313.733px;\">C. EL PILAR MARISTAS<\/td>\n<td style=\"width: 164.267px;\">Zaragoza<\/td>\n<td style=\"width: 458px;\">Formaci\u00f3n en herramientas de innovaci\u00f3n pedag\u00f3gica y metodolog\u00edas para el biling\u00fcismo (CLIL)<\/td>\n<td style=\"width: 119px;\">15.431 \u20ac<\/td>\n<td style=\"width: 81px;\">7<\/td>\n<\/tr>\n<tr>\n<td style=\"width: 313.733px;\">CEIP CATALINA DE ARAG\u00d3N<\/td>\n<td style=\"width: 164.267px;\">Zaragoza<\/td>\n<td style=\"width: 458px;\">Are we ready?<\/td>\n<td style=\"width: 119px;\">16.545 \u20ac<\/td>\n<td style=\"width: 81px;\">11<\/td>\n<\/tr>\n<tr>\n<td style=\"width: 313.733px;\">IES BAJO CINCA<\/td>\n<td style=\"width: 164.267px;\">Fraga<\/td>\n<td style=\"width: 458px;\">Europa diversa: un reto para la educaci\u00f3n<\/td>\n<td style=\"width: 119px;\">22.371 \u20ac<\/td>\n<td style=\"width: 81px;\">11<\/td>\n<\/tr>\n<tr>\n<td style=\"width: 313.733px;\">CEIP VADORREY<\/td>\n<td style=\"width: 164.267px;\">Zaragoza<\/td>\n<td style=\"width: 458px;\">Creciendo en Europa<\/td>\n<td style=\"width: 119px;\">16.900 \u20ac<\/td>\n<td style=\"width: 81px;\">8<\/td>\n<\/tr>\n<tr>\n<td style=\"width: 313.733px;\">CEIP VICENTE FERRER RAMOS<\/td>\n<td style=\"width: 164.267px;\">Valderrobres<\/td>\n<td style=\"width: 458px;\">Comunicaci\u00f3n e inclusi\u00f3n en el aprendizaje<\/td>\n<td style=\"width: 119px;\">13.135 \u20ac<\/td>\n<td style=\"width: 81px;\">7<\/td>\n<\/tr>\n<tr>\n<td style=\"width: 313.733px;\">NTRA. SRA. DEL PILAR<\/td>\n<td style=\"width: 164.267px;\">Zuera<\/td>\n<td style=\"width: 458px;\">Caminando hacia nuevas metodolog\u00edas<\/td>\n<td style=\"width: 119px;\">9.063 \u20ac<\/td>\n<td style=\"width: 81px;\">5<\/td>\n<\/tr>\n<\/tbody>\n<\/table>\n<p>&nbsp;<\/p>\n<p><strong><span style=\"font-size: 14pt; font-family: 'trebuchet ms', geneva, sans-serif; color: #99cc00;\">KA104<\/span><\/strong><\/p>\n<table style=\"width: 1191px;\">\n<tbody>\n<tr>\n<td style=\"width: 313px;\"><strong>CENTRO<\/strong><\/td>\n<td style=\"width: 145.938px;\"><strong>LOCALIDAD<\/strong><\/td>\n<td style=\"width: 504.062px;\"><strong>PROYECTO<\/strong><\/td>\n<td style=\"width: 97px;\"><strong>PRESUPUESTO<\/strong><\/td>\n<td style=\"width: 35px;\"><strong>MOVILIDADES<\/strong><\/td>\n<\/tr>\n<tr>\n<td style=\"width: 313px;\">CPEPA RIO GUADALOPE<\/td>\n<td style=\"width: 145.938px;\">Alca\u00f1iz<\/td>\n<td style=\"width: 504.062px;\">Abriendo mentes, abriendo puertas, creando oportunidades<\/td>\n<td style=\"width: 97px;\">7.900 \u20ac<\/td>\n<td style=\"width: 35px;\">4<\/td>\n<\/tr>\n<tr>\n<td style=\"width: 313px;\">CPEPA ANDORRA<\/td>\n<td style=\"width: 145.938px;\">Andorra<\/td>\n<td style=\"width: 504.062px;\">Formaci\u00f3n en nuevas metodolog\u00edas desde un enfoque inclusivo y multicultural<\/td>\n<td style=\"width: 97px;\">7.495 \u20ac<\/td>\n<td style=\"width: 35px;\">4<\/td>\n<\/tr>\n<tr>\n<td style=\"width: 313px;\">CP CALATAYUD<\/td>\n<td style=\"width: 145.938px;\">Calatayud<\/td>\n<td style=\"width: 504.062px;\">Escuelas europeas rurales preparando los ciudadanos europeos del ma\u00f1ana<\/td>\n<td style=\"width: 97px;\">18.841 \u20ac<\/td>\n<td style=\"width: 35px;\">9<\/td>\n<\/tr>\n<tr>\n<td style=\"width: 313px;\">CPEPA DAROCA<\/td>\n<td style=\"width: 145.938px;\">Daroca<\/td>\n<td style=\"width: 504.062px;\">Una nueva oportunidad para aprender<\/td>\n<td style=\"width: 97px;\">5.637 \u20ac<\/td>\n<td style=\"width: 35px;\">3<\/td>\n<\/tr>\n<\/tbody>\n<\/table>\n<p>&nbsp;<\/p>\n<p><span style=\"font-family: 'trebuchet ms', geneva, sans-serif;\">Os deseamos mucha suerte con vuestros proyectos. Pod\u00e9is contar con nosotros y con la web de CAREI para hacer difusi\u00f3n de los mismos.\u00a0<\/span><\/p>\n<p><span style=\"font-family: 'trebuchet ms', geneva, sans-serif;\">Animamos a los centros excluidos a utilizar todo lo que han aprendido en esta convocatoria para solicitarlo de nuevo al curso que viene. Os ayudaremos en lo que necesit\u00e9is.<\/span><\/p>\n<p><img loading=\"lazy\" decoding=\"async\" class=\"size-large wp-image-2368 aligncenter\" src=\"http:\/\/aragonbilingue.catedu.es\/new\/wp-content\/uploads\/2019\/06\/Erasmus-cover-1-1024x339.jpg\" alt=\"\" width=\"955\" height=\"316\" srcset=\"https:\/\/aragonbilingue.catedu.es\/new\/wp-content\/uploads\/2019\/06\/Erasmus-cover-1-1024x339.jpg 1024w, https:\/\/aragonbilingue.catedu.es\/new\/wp-content\/uploads\/2019\/06\/Erasmus-cover-1-300x99.jpg 300w, https:\/\/aragonbilingue.catedu.es\/new\/wp-content\/uploads\/2019\/06\/Erasmus-cover-1-768x254.jpg 768w\" sizes=\"auto, (max-width: 955px) 100vw, 955px\" \/><\/p>\n","protected":false},"excerpt":{"rendered":"<p>Desde la Direcci\u00f3n General de Innovaci\u00f3n, Equidad y Participaci\u00f3n queremos felicitar a todos los centros que han solicitado un proyecto Erasmus+ en la convocatoria de 2019.\u00a0 Pod\u00e9is acceder a los enlaces de cada acci\u00f3n aqu\u00ed. \u00a0Resoluci\u00f3n Movilidad de las personas por motivos de aprendizaje en el sector de Educaci\u00f3n Escolar (KA101). \u00a0Anexo I, apartado 1: [&hellip;]<\/p>\n","protected":false},"author":1,"featured_media":0,"comment_status":"closed","ping_status":"closed","sticky":false,"template":"","format":"standard","meta":{"_monsterinsights_skip_tracking":false,"_monsterinsights_sitenote_active":false,"_monsterinsights_sitenote_note":"","_monsterinsights_sitenote_category":0,"_jetpack_memberships_contains_paid_content":false,"footnotes":""},"categories":[16],"tags":[85,203],"class_list":["post-2365","post","type-post","status-publish","format-standard","hentry","category-erasmusplus","tag-ka101","tag-ka104"],"jetpack_featured_media_url":"","jetpack_sharing_enabled":true,"_links":{"self":[{"href":"https:\/\/aragonbilingue.catedu.es\/new\/wp-json\/wp\/v2\/posts\/2365","targetHints":{"allow":["GET"]}}],"collection":[{"href":"https:\/\/aragonbilingue.catedu.es\/new\/wp-json\/wp\/v2\/posts"}],"about":[{"href":"https:\/\/aragonbilingue.catedu.es\/new\/wp-json\/wp\/v2\/types\/post"}],"author":[{"embeddable":true,"href":"https:\/\/aragonbilingue.catedu.es\/new\/wp-json\/wp\/v2\/users\/1"}],"replies":[{"embeddable":true,"href":"https:\/\/aragonbilingue.catedu.es\/new\/wp-json\/wp\/v2\/comments?post=2365"}],"version-history":[{"count":2,"href":"https:\/\/aragonbilingue.catedu.es\/new\/wp-json\/wp\/v2\/posts\/2365\/revisions"}],"predecessor-version":[{"id":2370,"href":"https:\/\/aragonbilingue.catedu.es\/new\/wp-json\/wp\/v2\/posts\/2365\/revisions\/2370"}],"wp:attachment":[{"href":"https:\/\/aragonbilingue.catedu.es\/new\/wp-json\/wp\/v2\/media?parent=2365"}],"wp:term":[{"taxonomy":"category","embeddable":true,"href":"https:\/\/aragonbilingue.catedu.es\/new\/wp-json\/wp\/v2\/categories?post=2365"},{"taxonomy":"post_tag","embeddable":true,"href":"https:\/\/aragonbilingue.catedu.es\/new\/wp-json\/wp\/v2\/tags?post=2365"}],"curies":[{"name":"wp","href":"https:\/\/api.w.org\/{rel}","templated":true}]}}