{"id":2273,"date":"2019-05-16T13:04:19","date_gmt":"2019-05-16T12:04:19","guid":{"rendered":"http:\/\/aragonbilingue.catedu.es\/new\/?p=2273"},"modified":"2019-05-16T13:04:55","modified_gmt":"2019-05-16T12:04:55","slug":"becas-participacion-curso-para-profesorado-de-frances-y-de-materias-en-frances-universite-dete-valencia","status":"publish","type":"post","link":"https:\/\/aragonbilingue.catedu.es\/new\/becas-participacion-curso-para-profesorado-de-frances-y-de-materias-en-frances-universite-dete-valencia\/","title":{"rendered":"Becas participaci\u00f3n curso para profesorado de franc\u00e9s y de materias en franc\u00e9s &#8211; Universit\u00e9 d\u00b4\u00e9t\u00e9, Valencia-"},"content":{"rendered":"<section id=\"novedades\">\n<div class=\"row-fluid\">\n<div class=\"span10\">\n<p><span style=\"font-family: 'trebuchet ms', geneva, sans-serif;\">Desde el CARLEE se ofertan hasta un m\u00e1ximo de 13 becas para participar en la Universidad de Verano, en Valencia del 8 al 12 de julio, para profesores de franc\u00e9s y de materias en franc\u00e9s.<\/span><\/p>\n<p><span style=\"font-family: 'trebuchet ms', geneva, sans-serif;\">Informaci\u00f3n del curso:\u00a0<a href=\"https:\/\/www.universite-ete.org\/\" target=\"_blank\" rel=\"noopener\">https:\/\/www.universite-ete.org\/<\/a><\/span><\/p>\n<p><span style=\"font-family: 'trebuchet ms', geneva, sans-serif;\">El plazo de inscripci\u00f3n en el curso finaliza el mi\u00e9rcoles 29 de mayo de 2019\u00a0<\/span><\/p>\n<p><span style=\"font-family: 'trebuchet ms', geneva, sans-serif;\"><a href=\"http:\/\/www.educaragon.org\/FILES\/Informacion%20becas(1).pdf\" target=\"_blank\" rel=\"noopener\">Informaci\u00f3n de las becas<\/a>\u00a0<\/span><br \/>\n<span style=\"font-family: 'trebuchet ms', geneva, sans-serif;\">El plazo para solicitar las becas finaliza el lunes 3 de junio de 2019\u00a0<\/span><\/p>\n<\/div>\n<\/div>\n<\/section>\n<table border=\"0\" width=\"100%\" cellspacing=\"0\" cellpadding=\"0\">\n<tbody>\n<tr>\n<td align=\"right\"><a>Volver\u00a0<\/a><\/td>\n<\/tr>\n<\/tbody>\n<\/table>\n","protected":false},"excerpt":{"rendered":"<p>Desde el CARLEE se ofertan hasta un m\u00e1ximo de 13 becas para participar en la Universidad de Verano, en Valencia del 8 al 12 de julio, para profesores de franc\u00e9s y de materias en franc\u00e9s. Informaci\u00f3n del curso:\u00a0https:\/\/www.universite-ete.org\/ El plazo de inscripci\u00f3n en el curso finaliza el mi\u00e9rcoles 29 de mayo de 2019\u00a0 Informaci\u00f3n de [&hellip;]<\/p>\n","protected":false},"author":1,"featured_media":0,"comment_status":"closed","ping_status":"closed","sticky":false,"template":"","format":"standard","meta":{"_monsterinsights_skip_tracking":false,"_monsterinsights_sitenote_active":false,"_monsterinsights_sitenote_note":"","_monsterinsights_sitenote_category":0,"_jetpack_memberships_contains_paid_content":false,"footnotes":""},"categories":[208,21,8],"tags":[],"class_list":["post-2273","post","type-post","status-publish","format-standard","hentry","category-centros-brit-aragon","category-convocatorias","category-frances"],"jetpack_featured_media_url":"","jetpack_sharing_enabled":true,"_links":{"self":[{"href":"https:\/\/aragonbilingue.catedu.es\/new\/wp-json\/wp\/v2\/posts\/2273","targetHints":{"allow":["GET"]}}],"collection":[{"href":"https:\/\/aragonbilingue.catedu.es\/new\/wp-json\/wp\/v2\/posts"}],"about":[{"href":"https:\/\/aragonbilingue.catedu.es\/new\/wp-json\/wp\/v2\/types\/post"}],"author":[{"embeddable":true,"href":"https:\/\/aragonbilingue.catedu.es\/new\/wp-json\/wp\/v2\/users\/1"}],"replies":[{"embeddable":true,"href":"https:\/\/aragonbilingue.catedu.es\/new\/wp-json\/wp\/v2\/comments?post=2273"}],"version-history":[{"count":2,"href":"https:\/\/aragonbilingue.catedu.es\/new\/wp-json\/wp\/v2\/posts\/2273\/revisions"}],"predecessor-version":[{"id":2275,"href":"https:\/\/aragonbilingue.catedu.es\/new\/wp-json\/wp\/v2\/posts\/2273\/revisions\/2275"}],"wp:attachment":[{"href":"https:\/\/aragonbilingue.catedu.es\/new\/wp-json\/wp\/v2\/media?parent=2273"}],"wp:term":[{"taxonomy":"category","embeddable":true,"href":"https:\/\/aragonbilingue.catedu.es\/new\/wp-json\/wp\/v2\/categories?post=2273"},{"taxonomy":"post_tag","embeddable":true,"href":"https:\/\/aragonbilingue.catedu.es\/new\/wp-json\/wp\/v2\/tags?post=2273"}],"curies":[{"name":"wp","href":"https:\/\/api.w.org\/{rel}","templated":true}]}}