{"id":2250,"date":"2019-05-13T13:14:16","date_gmt":"2019-05-13T12:14:16","guid":{"rendered":"http:\/\/aragonbilingue.catedu.es\/new\/?p=2250"},"modified":"2019-05-23T11:29:13","modified_gmt":"2019-05-23T10:29:13","slug":"auxiliares-de-conversacion-aragon-2019-20","status":"publish","type":"post","link":"https:\/\/aragonbilingue.catedu.es\/new\/auxiliares-de-conversacion-aragon-2019-20\/","title":{"rendered":"Auxiliares de Conversaci\u00f3n Arag\u00f3n 2019-20"},"content":{"rendered":"<p><span style=\"font-family: 'trebuchet ms', geneva, sans-serif;\"><span style=\"font-family: 'times new roman', times, serif;\"><img loading=\"lazy\" decoding=\"async\" class=\"size-full wp-image-2251 aligncenter\" src=\"http:\/\/aragonbilingue.catedu.es\/new\/wp-content\/uploads\/2019\/05\/noexiste.jpg\" alt=\"\" width=\"550\" height=\"232\" srcset=\"https:\/\/aragonbilingue.catedu.es\/new\/wp-content\/uploads\/2019\/05\/noexiste.jpg 550w, https:\/\/aragonbilingue.catedu.es\/new\/wp-content\/uploads\/2019\/05\/noexiste-300x127.jpg 300w\" sizes=\"auto, (max-width: 550px) 100vw, 550px\" \/><\/span><\/span><\/p>\n<p><span style=\"font-family: 'trebuchet ms', geneva, sans-serif;\"><span style=\"font-family: 'times new roman', times, serif;\"><a href=\"http:\/\/www.boa.aragon.es\/cgi-bin\/EBOA\/BRSCGI?CMD=VEROBJ&amp;MLKOB=1072476483737\" target=\"_blank\" rel=\"noopener\">ORDEN ECD\/466\/2019, de 30 de abril, por la que se convoca a los Institutos de Ense\u00f1anza Secundaria y a los Centros P\u00fablicos Integrados de Educaci\u00f3n B\u00e1sica y Segundo Ciclo de Educaci\u00f3n Infantil de la Comunidad Aut\u00f3noma de Arag\u00f3n, para la elecci\u00f3n de lengua extranjera y asignaci\u00f3n de auxiliares de conversaci\u00f3n para el curso 2019\/2020.<\/a><\/span><\/span><\/p>\n<p><span style=\"font-family: 'trebuchet ms', geneva, sans-serif;\">Esta convocatoria <strong>se dirige a<\/strong> los Institutos de Ense\u00f1anza Secundaria, a las Secciones de los mismos, as\u00ed como a los Centros P\u00fablicos que impartan Educaci\u00f3n Secundaria\u00a0en el curso 2019\/2020.<\/span><\/p>\n<p><span style=\"font-family: 'trebuchet ms', geneva, sans-serif;\">Lo \u00fanico que deb\u00e9is hacer es <strong>indicar en la solicitud una de estas tres preferencias<\/strong>:<\/span><br \/>\n<span style=\"font-family: 'trebuchet ms', geneva, sans-serif;\">\u2666Solicitar 12 horas de auxiliar de conversaci\u00f3n de una sola lengua extranjera ordenando\u00a0 las lenguas en las que est\u00e1n interesados en recibir el recurso de un auxiliar de conversaci\u00f3n.<\/span><br \/>\n<span style=\"font-family: 'trebuchet ms', geneva, sans-serif;\">\u2666Solicitar 12 horas de auxiliar de conversaci\u00f3n de dos lenguas extranjeras (6 horas de<\/span><br \/>\n<span style=\"font-family: 'trebuchet ms', geneva, sans-serif;\">una lengua extranjera y 6 horas de una segunda lengua extranjera) ordenando\u00a0las lenguas en las que est\u00e1n interesados en recibir el recurso de un\u00a0auxiliar de conversaci\u00f3n, indicando, as\u00ed mismo, que est\u00e1n dispuestos a compartirlo.<\/span><br \/>\n<span style=\"font-family: 'trebuchet ms', geneva, sans-serif;\">\u2666En el caso de que un Instituto o una Secci\u00f3n solicite un auxiliar de conversaci\u00f3n en<\/span><br \/>\n<span style=\"font-family: 'trebuchet ms', geneva, sans-serif;\">lengua inglesa y considere que, en virtud del n\u00famero de v\u00edas, precisa de menos horas<\/span><br \/>\n<span style=\"font-family: 'trebuchet ms', geneva, sans-serif;\">de dicho auxiliar para atender a todo el alumnado, podr\u00e1 solicitar una dotaci\u00f3n inferior<\/span><br \/>\n<span style=\"font-family: 'trebuchet ms', geneva, sans-serif;\">a 12 horas, indic\u00e1ndolo en la solicitud.<\/span><\/p>\n<p><img loading=\"lazy\" decoding=\"async\" class=\"alignnone wp-image-1261\" src=\"http:\/\/aragonbilingue.catedu.es\/new\/wp-content\/uploads\/2018\/01\/cuidado.png\" alt=\"\" width=\"95\" height=\"52\" \/>\u00a0\u00a0<span style=\"font-family: 'trebuchet ms', geneva, sans-serif;\">Recuerda que los directores de los Institutos de Ense\u00f1anza Secundaria podr\u00e1n solicitar este recurso\u00a0para su centro <strong>y<\/strong> para cada una de las Secciones de Secundaria que dependan del mismo de manera independiente.<\/span><\/p>\n<p><img loading=\"lazy\" decoding=\"async\" class=\"alignnone wp-image-1260\" src=\"http:\/\/aragonbilingue.catedu.es\/new\/wp-content\/uploads\/2018\/01\/deadline.jpg\" alt=\"\" width=\"94\" height=\"62\" \/>\u00a0 <span style=\"font-family: 'trebuchet ms', geneva, sans-serif;\">El <strong>plazo de presentaci\u00f3n<\/strong> de solicitudes ser\u00e1 de 10 d\u00edas naturales desde el d\u00eda siguiente\u00a0al de la publicaci\u00f3n de la presente Orden en BOA.<\/span><\/p>\n<p>&nbsp;<\/p>\n","protected":false},"excerpt":{"rendered":"<p>ORDEN ECD\/466\/2019, de 30 de abril, por la que se convoca a los Institutos de Ense\u00f1anza Secundaria y a los Centros P\u00fablicos Integrados de Educaci\u00f3n B\u00e1sica y Segundo Ciclo de Educaci\u00f3n Infantil de la Comunidad Aut\u00f3noma de Arag\u00f3n, para la elecci\u00f3n de lengua extranjera y asignaci\u00f3n de auxiliares de conversaci\u00f3n para el curso 2019\/2020. Esta [&hellip;]<\/p>\n","protected":false},"author":1,"featured_media":0,"comment_status":"closed","ping_status":"closed","sticky":false,"template":"","format":"standard","meta":{"_monsterinsights_skip_tracking":false,"_monsterinsights_sitenote_active":false,"_monsterinsights_sitenote_note":"","_monsterinsights_sitenote_category":0,"_jetpack_memberships_contains_paid_content":false,"footnotes":""},"categories":[9,24,8,7,10],"tags":[93],"class_list":["post-2250","post","type-post","status-publish","format-standard","hentry","category-aleman","category-auxiliares_conversacion","category-frances","category-ingles","category-novedades","tag-auxiliares"],"jetpack_featured_media_url":"","jetpack_sharing_enabled":true,"_links":{"self":[{"href":"https:\/\/aragonbilingue.catedu.es\/new\/wp-json\/wp\/v2\/posts\/2250","targetHints":{"allow":["GET"]}}],"collection":[{"href":"https:\/\/aragonbilingue.catedu.es\/new\/wp-json\/wp\/v2\/posts"}],"about":[{"href":"https:\/\/aragonbilingue.catedu.es\/new\/wp-json\/wp\/v2\/types\/post"}],"author":[{"embeddable":true,"href":"https:\/\/aragonbilingue.catedu.es\/new\/wp-json\/wp\/v2\/users\/1"}],"replies":[{"embeddable":true,"href":"https:\/\/aragonbilingue.catedu.es\/new\/wp-json\/wp\/v2\/comments?post=2250"}],"version-history":[{"count":1,"href":"https:\/\/aragonbilingue.catedu.es\/new\/wp-json\/wp\/v2\/posts\/2250\/revisions"}],"predecessor-version":[{"id":2252,"href":"https:\/\/aragonbilingue.catedu.es\/new\/wp-json\/wp\/v2\/posts\/2250\/revisions\/2252"}],"wp:attachment":[{"href":"https:\/\/aragonbilingue.catedu.es\/new\/wp-json\/wp\/v2\/media?parent=2250"}],"wp:term":[{"taxonomy":"category","embeddable":true,"href":"https:\/\/aragonbilingue.catedu.es\/new\/wp-json\/wp\/v2\/categories?post=2250"},{"taxonomy":"post_tag","embeddable":true,"href":"https:\/\/aragonbilingue.catedu.es\/new\/wp-json\/wp\/v2\/tags?post=2250"}],"curies":[{"name":"wp","href":"https:\/\/api.w.org\/{rel}","templated":true}]}}