{"id":2203,"date":"2019-03-29T10:51:15","date_gmt":"2019-03-29T09:51:15","guid":{"rendered":"http:\/\/aragonbilingue.catedu.es\/new\/?p=2203"},"modified":"2019-03-29T10:51:15","modified_gmt":"2019-03-29T09:51:15","slug":"ideas-practicas-mediacion","status":"publish","type":"post","link":"https:\/\/aragonbilingue.catedu.es\/new\/ideas-practicas-mediacion\/","title":{"rendered":"Ideas pr\u00e1cticas mediaci\u00f3n"},"content":{"rendered":"<p><span style=\"font-family: 'trebuchet ms', geneva, sans-serif;\">Compartimos aqu\u00ed la entrada del blog\u00a0https:\/\/natalialzam.wordpress.com\/ sobre la sesi\u00f3n de mediaci\u00f3n que tuvo lugar en Monz\u00f3n el pasado 9 de marzo. Monstse Ca\u00f1ada, asesora de la Generalitat de Catalunya y profesora de EOI,<\/span>\u00a0<span style=\"font-family: 'trebuchet ms', geneva, sans-serif;\">aport\u00f3 ideas pr\u00e1cticas para trabajar la mediaci\u00f3n en el aula, y c\u00f3mo incluirla en las pruebas de certificaci\u00f3n.<\/span><\/p>\n<p><a href=\"http:\/\/aragonbilingue.catedu.es\/new\/wp-content\/uploads\/2019\/03\/ideas-pr\u00e1cticas-mediaci\u00f3n_blog.pdf\" target=\"_blank\" rel=\"noopener\">ideas pr\u00e1cticas mediaci\u00f3n_blog<\/a><\/p>\n<p><img loading=\"lazy\" decoding=\"async\" class=\" wp-image-2205 aligncenter\" src=\"http:\/\/aragonbilingue.catedu.es\/new\/wp-content\/uploads\/2019\/03\/mediacion-850x1024.jpg\" alt=\"\" width=\"321\" height=\"386\" srcset=\"https:\/\/aragonbilingue.catedu.es\/new\/wp-content\/uploads\/2019\/03\/mediacion-850x1024.jpg 850w, https:\/\/aragonbilingue.catedu.es\/new\/wp-content\/uploads\/2019\/03\/mediacion-249x300.jpg 249w, https:\/\/aragonbilingue.catedu.es\/new\/wp-content\/uploads\/2019\/03\/mediacion-768x926.jpg 768w, https:\/\/aragonbilingue.catedu.es\/new\/wp-content\/uploads\/2019\/03\/mediacion.jpg 1593w\" sizes=\"auto, (max-width: 321px) 100vw, 321px\" \/><\/p>\n","protected":false},"excerpt":{"rendered":"<p>Compartimos aqu\u00ed la entrada del blog\u00a0https:\/\/natalialzam.wordpress.com\/ sobre la sesi\u00f3n de mediaci\u00f3n que tuvo lugar en Monz\u00f3n el pasado 9 de marzo. Monstse Ca\u00f1ada, asesora de la Generalitat de Catalunya y profesora de EOI,\u00a0aport\u00f3 ideas pr\u00e1cticas para trabajar la mediaci\u00f3n en el aula, y c\u00f3mo incluirla en las pruebas de certificaci\u00f3n. ideas pr\u00e1cticas mediaci\u00f3n_blog<\/p>\n","protected":false},"author":1,"featured_media":0,"comment_status":"closed","ping_status":"closed","sticky":false,"template":"","format":"standard","meta":{"_monsterinsights_skip_tracking":false,"_monsterinsights_sitenote_active":false,"_monsterinsights_sitenote_note":"","_monsterinsights_sitenote_category":0,"_jetpack_memberships_contains_paid_content":false,"footnotes":""},"categories":[9,8,7],"tags":[109,227],"class_list":["post-2203","post","type-post","status-publish","format-standard","hentry","category-aleman","category-frances","category-ingles","tag-eoi","tag-mediacion"],"jetpack_featured_media_url":"","jetpack_sharing_enabled":true,"_links":{"self":[{"href":"https:\/\/aragonbilingue.catedu.es\/new\/wp-json\/wp\/v2\/posts\/2203","targetHints":{"allow":["GET"]}}],"collection":[{"href":"https:\/\/aragonbilingue.catedu.es\/new\/wp-json\/wp\/v2\/posts"}],"about":[{"href":"https:\/\/aragonbilingue.catedu.es\/new\/wp-json\/wp\/v2\/types\/post"}],"author":[{"embeddable":true,"href":"https:\/\/aragonbilingue.catedu.es\/new\/wp-json\/wp\/v2\/users\/1"}],"replies":[{"embeddable":true,"href":"https:\/\/aragonbilingue.catedu.es\/new\/wp-json\/wp\/v2\/comments?post=2203"}],"version-history":[{"count":1,"href":"https:\/\/aragonbilingue.catedu.es\/new\/wp-json\/wp\/v2\/posts\/2203\/revisions"}],"predecessor-version":[{"id":2206,"href":"https:\/\/aragonbilingue.catedu.es\/new\/wp-json\/wp\/v2\/posts\/2203\/revisions\/2206"}],"wp:attachment":[{"href":"https:\/\/aragonbilingue.catedu.es\/new\/wp-json\/wp\/v2\/media?parent=2203"}],"wp:term":[{"taxonomy":"category","embeddable":true,"href":"https:\/\/aragonbilingue.catedu.es\/new\/wp-json\/wp\/v2\/categories?post=2203"},{"taxonomy":"post_tag","embeddable":true,"href":"https:\/\/aragonbilingue.catedu.es\/new\/wp-json\/wp\/v2\/tags?post=2203"}],"curies":[{"name":"wp","href":"https:\/\/api.w.org\/{rel}","templated":true}]}}