{"id":2171,"date":"2019-03-18T12:56:28","date_gmt":"2019-03-18T11:56:28","guid":{"rendered":"http:\/\/aragonbilingue.catedu.es\/new\/?p=2171"},"modified":"2019-03-18T12:56:28","modified_gmt":"2019-03-18T11:56:28","slug":"bachibac-y-etwinning-encuentro-entre-profesores-espanoles-y-franceses","status":"publish","type":"post","link":"https:\/\/aragonbilingue.catedu.es\/new\/bachibac-y-etwinning-encuentro-entre-profesores-espanoles-y-franceses\/","title":{"rendered":"\u201cBachibac y eTwinning: encuentro entre profesores espa\u00f1oles y franceses\u201d"},"content":{"rendered":"<p><span style=\"font-family: 'trebuchet ms', geneva, sans-serif;\">V\u00eddeo del evento realizado durante los d\u00edas 21,22 y 23 de noviembre de 2018\u00a0en Madrid, donde docentes del programa Bachibac, de Espa\u00f1a y Francia, pudieron conocer a fondo la acci\u00f3n eTwinning e intercambiar buenas pr\u00e1cticas educativas para impulsar el programa Bachibac.<\/span><\/p>\n<p><iframe loading=\"lazy\" width=\"955\" height=\"537\" src=\"https:\/\/www.youtube.com\/embed\/mt2hqdyBbEY?feature=oembed\" frameborder=\"0\" allow=\"accelerometer; autoplay; encrypted-media; gyroscope; picture-in-picture\" allowfullscreen><\/iframe><\/p>\n","protected":false},"excerpt":{"rendered":"<p>V\u00eddeo del evento realizado durante los d\u00edas 21,22 y 23 de noviembre de 2018\u00a0en Madrid, donde docentes del programa Bachibac, de Espa\u00f1a y Francia, pudieron conocer a fondo la acci\u00f3n eTwinning e intercambiar buenas pr\u00e1cticas educativas para impulsar el programa Bachibac.<\/p>\n","protected":false},"author":1,"featured_media":0,"comment_status":"closed","ping_status":"closed","sticky":false,"template":"","format":"standard","meta":{"_monsterinsights_skip_tracking":false,"_monsterinsights_sitenote_active":false,"_monsterinsights_sitenote_note":"","_monsterinsights_sitenote_category":0,"_jetpack_memberships_contains_paid_content":false,"footnotes":""},"categories":[19,29,8,15],"tags":[],"class_list":["post-2171","post","type-post","status-publish","format-standard","hentry","category-etwinning","category-formacion","category-frances","category-programas_europeos"],"jetpack_featured_media_url":"","jetpack_sharing_enabled":true,"_links":{"self":[{"href":"https:\/\/aragonbilingue.catedu.es\/new\/wp-json\/wp\/v2\/posts\/2171","targetHints":{"allow":["GET"]}}],"collection":[{"href":"https:\/\/aragonbilingue.catedu.es\/new\/wp-json\/wp\/v2\/posts"}],"about":[{"href":"https:\/\/aragonbilingue.catedu.es\/new\/wp-json\/wp\/v2\/types\/post"}],"author":[{"embeddable":true,"href":"https:\/\/aragonbilingue.catedu.es\/new\/wp-json\/wp\/v2\/users\/1"}],"replies":[{"embeddable":true,"href":"https:\/\/aragonbilingue.catedu.es\/new\/wp-json\/wp\/v2\/comments?post=2171"}],"version-history":[{"count":1,"href":"https:\/\/aragonbilingue.catedu.es\/new\/wp-json\/wp\/v2\/posts\/2171\/revisions"}],"predecessor-version":[{"id":2172,"href":"https:\/\/aragonbilingue.catedu.es\/new\/wp-json\/wp\/v2\/posts\/2171\/revisions\/2172"}],"wp:attachment":[{"href":"https:\/\/aragonbilingue.catedu.es\/new\/wp-json\/wp\/v2\/media?parent=2171"}],"wp:term":[{"taxonomy":"category","embeddable":true,"href":"https:\/\/aragonbilingue.catedu.es\/new\/wp-json\/wp\/v2\/categories?post=2171"},{"taxonomy":"post_tag","embeddable":true,"href":"https:\/\/aragonbilingue.catedu.es\/new\/wp-json\/wp\/v2\/tags?post=2171"}],"curies":[{"name":"wp","href":"https:\/\/api.w.org\/{rel}","templated":true}]}}