{"id":905,"date":"2010-05-07T20:52:50","date_gmt":"2010-05-07T18:52:50","guid":{"rendered":"http:\/\/aragonbilingue.educa.aragon.es\/frances\/?p=905"},"modified":"2015-10-18T18:58:27","modified_gmt":"2015-10-18T16:58:27","slug":"pour-une-reflexion-sur-lenseignement-bilingue","status":"publish","type":"post","link":"https:\/\/aragonbilingue.catedu.es\/frances\/2010\/05\/07\/pour-une-reflexion-sur-lenseignement-bilingue\/","title":{"rendered":"Pour une r\u00e9flexion sur l&#8217;enseignement bilingue"},"content":{"rendered":"<p>R\u00e9flexions et conseils tr\u00e8s int\u00e9ressants de Adelino Braz pour le travail des professeurs des sections bilingues.<\/p>\n<p style=\"text-align: center;\">Tr\u00e8s utile pour les professeurs de DNL et de fran\u00e7ais.<\/p>\n<p style=\"text-align: center;\"><em><span style=\"color: #ff0000;\"><strong>Lecture indispensable pour tous<\/strong><\/span><\/em>.<\/p>\n<p style=\"text-align: center;\"><a href=\"http:\/\/aragonbilingue.catedu.es\/frances\/wp-content\/uploads\/sites\/3\/2010\/05\/LivreAdelino.pdf\" target=\"_blank\">Pour un enseignement bilingu<\/a>e<\/p>\n","protected":false},"excerpt":{"rendered":"<p>R\u00e9flexions et conseils tr\u00e8s int\u00e9ressants de Adelino Braz pour le travail des professeurs des sections bilingues. Tr\u00e8s utile pour les professeurs de DNL et de fran\u00e7ais. Lecture indispensable pour tous. Pour un enseignement bilingue<\/p>\n","protected":false},"author":1,"featured_media":0,"comment_status":"open","ping_status":"open","sticky":false,"template":"","format":"standard","meta":{"_monsterinsights_skip_tracking":false,"_monsterinsights_sitenote_active":false,"_monsterinsights_sitenote_note":"","_monsterinsights_sitenote_category":0,"footnotes":""},"categories":[16],"tags":[],"class_list":["post-905","post","type-post","status-publish","format-standard","hentry","category-general"],"_links":{"self":[{"href":"https:\/\/aragonbilingue.catedu.es\/frances\/wp-json\/wp\/v2\/posts\/905","targetHints":{"allow":["GET"]}}],"collection":[{"href":"https:\/\/aragonbilingue.catedu.es\/frances\/wp-json\/wp\/v2\/posts"}],"about":[{"href":"https:\/\/aragonbilingue.catedu.es\/frances\/wp-json\/wp\/v2\/types\/post"}],"author":[{"embeddable":true,"href":"https:\/\/aragonbilingue.catedu.es\/frances\/wp-json\/wp\/v2\/users\/1"}],"replies":[{"embeddable":true,"href":"https:\/\/aragonbilingue.catedu.es\/frances\/wp-json\/wp\/v2\/comments?post=905"}],"version-history":[{"count":2,"href":"https:\/\/aragonbilingue.catedu.es\/frances\/wp-json\/wp\/v2\/posts\/905\/revisions"}],"predecessor-version":[{"id":4030,"href":"https:\/\/aragonbilingue.catedu.es\/frances\/wp-json\/wp\/v2\/posts\/905\/revisions\/4030"}],"wp:attachment":[{"href":"https:\/\/aragonbilingue.catedu.es\/frances\/wp-json\/wp\/v2\/media?parent=905"}],"wp:term":[{"taxonomy":"category","embeddable":true,"href":"https:\/\/aragonbilingue.catedu.es\/frances\/wp-json\/wp\/v2\/categories?post=905"},{"taxonomy":"post_tag","embeddable":true,"href":"https:\/\/aragonbilingue.catedu.es\/frances\/wp-json\/wp\/v2\/tags?post=905"}],"curies":[{"name":"wp","href":"https:\/\/api.w.org\/{rel}","templated":true}]}}