{"id":863,"date":"2010-04-28T19:18:10","date_gmt":"2010-04-28T17:18:10","guid":{"rendered":"http:\/\/aragonbilingue.educa.aragon.es\/frances\/?p=863"},"modified":"2015-10-19T17:55:43","modified_gmt":"2015-10-19T15:55:43","slug":"le-truman-show","status":"publish","type":"post","link":"https:\/\/aragonbilingue.catedu.es\/frances\/2010\/04\/28\/le-truman-show\/","title":{"rendered":"Le Truman Show"},"content":{"rendered":"<p>Actividades sobre &#8216;El show de Truman&#8217; centradas en los temas de la metaf\u00edsica y la verdad. Contiene textos de Plat\u00f3n y Nietzche para contraponerlos con los di\u00e1logos del propio film.<\/p>\n<p><a href=\"http:\/\/aragonbilingue.catedu.es\/frances\/wp-content\/uploads\/sites\/3\/2010\/04\/thetrumanshow.pdf\" target=\"_blank\"><img loading=\"lazy\" decoding=\"async\" class=\"size-full wp-image-4042 aligncenter\" src=\"http:\/\/aragonbilingue.catedu.es\/frances\/wp-content\/uploads\/sites\/3\/2010\/04\/images1.jpeg\" alt=\"images1\" width=\"94\" height=\"142\" \/><\/a><\/p>\n<p>&nbsp;<\/p>\n<p>&nbsp;<\/p>\n","protected":false},"excerpt":{"rendered":"<p>Actividades sobre &#8216;El show de Truman&#8217; centradas en los temas de la metaf\u00edsica y la verdad. Contiene textos de Plat\u00f3n y Nietzche para contraponerlos con los di\u00e1logos del propio film. &nbsp; &nbsp;<\/p>\n","protected":false},"author":1,"featured_media":0,"comment_status":"open","ping_status":"open","sticky":false,"template":"","format":"standard","meta":{"_monsterinsights_skip_tracking":false,"_monsterinsights_sitenote_active":false,"_monsterinsights_sitenote_note":"","_monsterinsights_sitenote_category":0,"footnotes":""},"categories":[9,12,16,39],"tags":[],"class_list":["post-863","post","type-post","status-publish","format-standard","hentry","category-1-bachillerato","category-filosofia-materias","category-general","category-metafisica"],"_links":{"self":[{"href":"https:\/\/aragonbilingue.catedu.es\/frances\/wp-json\/wp\/v2\/posts\/863","targetHints":{"allow":["GET"]}}],"collection":[{"href":"https:\/\/aragonbilingue.catedu.es\/frances\/wp-json\/wp\/v2\/posts"}],"about":[{"href":"https:\/\/aragonbilingue.catedu.es\/frances\/wp-json\/wp\/v2\/types\/post"}],"author":[{"embeddable":true,"href":"https:\/\/aragonbilingue.catedu.es\/frances\/wp-json\/wp\/v2\/users\/1"}],"replies":[{"embeddable":true,"href":"https:\/\/aragonbilingue.catedu.es\/frances\/wp-json\/wp\/v2\/comments?post=863"}],"version-history":[{"count":2,"href":"https:\/\/aragonbilingue.catedu.es\/frances\/wp-json\/wp\/v2\/posts\/863\/revisions"}],"predecessor-version":[{"id":4043,"href":"https:\/\/aragonbilingue.catedu.es\/frances\/wp-json\/wp\/v2\/posts\/863\/revisions\/4043"}],"wp:attachment":[{"href":"https:\/\/aragonbilingue.catedu.es\/frances\/wp-json\/wp\/v2\/media?parent=863"}],"wp:term":[{"taxonomy":"category","embeddable":true,"href":"https:\/\/aragonbilingue.catedu.es\/frances\/wp-json\/wp\/v2\/categories?post=863"},{"taxonomy":"post_tag","embeddable":true,"href":"https:\/\/aragonbilingue.catedu.es\/frances\/wp-json\/wp\/v2\/tags?post=863"}],"curies":[{"name":"wp","href":"https:\/\/api.w.org\/{rel}","templated":true}]}}