{"id":721,"date":"2010-04-28T17:28:31","date_gmt":"2010-04-28T15:28:31","guid":{"rendered":"http:\/\/aragonbilingue.educa.aragon.es\/frances\/2010\/04\/28\/la-langue-francaise-d%c2%b4ou-vient-elle\/"},"modified":"2015-10-21T13:15:10","modified_gmt":"2015-10-21T11:15:10","slug":"la-langue-francaise-dou-vient-elle","status":"publish","type":"post","link":"https:\/\/aragonbilingue.catedu.es\/frances\/2010\/04\/28\/la-langue-francaise-dou-vient-elle\/","title":{"rendered":"La langue fran\u00e7aise, d\u00b4o\u00f9 vient-elle?"},"content":{"rendered":"<p>Latin vulgaire, langues d\u00b4o\u00efl, le francien ou ancien fran\u00e7ais, le moyen fran\u00e7ais, le fran\u00e7ais classique, le fran\u00e7ais acad\u00e9mique, le fran\u00e7ais d\u00b4aujourd\u00b4hui, le fran\u00e7ais des pays francophones.Voici (ci-dessous)\u00a0une information qui parle de la petite histoire du fran\u00e7ais<\/p>\n<p style=\"text-align: center;\"><a href=\"http:\/\/aragonbilingue.catedu.es\/frances\/wp-content\/uploads\/sites\/3\/2010\/04\/IMG_00011.pdf\" target=\"_blank\"><img loading=\"lazy\" decoding=\"async\" class=\"alignnone  wp-image-4060\" src=\"http:\/\/aragonbilingue.catedu.es\/frances\/wp-content\/uploads\/sites\/3\/2010\/04\/romano1-227x300.jpg\" alt=\"romano1\" width=\"128\" height=\"169\" srcset=\"https:\/\/aragonbilingue.catedu.es\/frances\/wp-content\/uploads\/sites\/3\/2010\/04\/romano1-227x300.jpg 227w, https:\/\/aragonbilingue.catedu.es\/frances\/wp-content\/uploads\/sites\/3\/2010\/04\/romano1.jpg 302w\" sizes=\"auto, (max-width: 128px) 100vw, 128px\" \/><\/a>\u00a0 \u00a0 \u00a0 \u00a0<a href=\"http:\/\/aragonbilingue.catedu.es\/frances\/wp-content\/uploads\/sites\/3\/2010\/04\/IMG_00011.pdf\" target=\"_blank\">Petite Histoire du Fran\u00e7ais<\/a><\/p>\n<p>&nbsp;<\/p>\n","protected":false},"excerpt":{"rendered":"<p>Latin vulgaire, langues d\u00b4o\u00efl, le francien ou ancien fran\u00e7ais, le moyen fran\u00e7ais, le fran\u00e7ais classique, le fran\u00e7ais acad\u00e9mique, le fran\u00e7ais d\u00b4aujourd\u00b4hui, le fran\u00e7ais des pays francophones.Voici (ci-dessous)\u00a0une information qui parle de la petite histoire du fran\u00e7ais \u00a0 \u00a0 \u00a0 \u00a0Petite Histoire du Fran\u00e7ais &nbsp;<\/p>\n","protected":false},"author":1,"featured_media":0,"comment_status":"open","ping_status":"open","sticky":false,"template":"","format":"standard","meta":{"_monsterinsights_skip_tracking":false,"_monsterinsights_sitenote_active":false,"_monsterinsights_sitenote_note":"","_monsterinsights_sitenote_category":0,"footnotes":""},"categories":[9,4,18,10,19,31,16],"tags":[],"class_list":["post-721","post","type-post","status-publish","format-standard","hentry","category-1-bachillerato","category-2-bachillerato","category-3-eso","category-4-eso","category-secundaria","category-frances","category-general"],"_links":{"self":[{"href":"https:\/\/aragonbilingue.catedu.es\/frances\/wp-json\/wp\/v2\/posts\/721","targetHints":{"allow":["GET"]}}],"collection":[{"href":"https:\/\/aragonbilingue.catedu.es\/frances\/wp-json\/wp\/v2\/posts"}],"about":[{"href":"https:\/\/aragonbilingue.catedu.es\/frances\/wp-json\/wp\/v2\/types\/post"}],"author":[{"embeddable":true,"href":"https:\/\/aragonbilingue.catedu.es\/frances\/wp-json\/wp\/v2\/users\/1"}],"replies":[{"embeddable":true,"href":"https:\/\/aragonbilingue.catedu.es\/frances\/wp-json\/wp\/v2\/comments?post=721"}],"version-history":[{"count":3,"href":"https:\/\/aragonbilingue.catedu.es\/frances\/wp-json\/wp\/v2\/posts\/721\/revisions"}],"predecessor-version":[{"id":4062,"href":"https:\/\/aragonbilingue.catedu.es\/frances\/wp-json\/wp\/v2\/posts\/721\/revisions\/4062"}],"wp:attachment":[{"href":"https:\/\/aragonbilingue.catedu.es\/frances\/wp-json\/wp\/v2\/media?parent=721"}],"wp:term":[{"taxonomy":"category","embeddable":true,"href":"https:\/\/aragonbilingue.catedu.es\/frances\/wp-json\/wp\/v2\/categories?post=721"},{"taxonomy":"post_tag","embeddable":true,"href":"https:\/\/aragonbilingue.catedu.es\/frances\/wp-json\/wp\/v2\/tags?post=721"}],"curies":[{"name":"wp","href":"https:\/\/api.w.org\/{rel}","templated":true}]}}