{"id":4156,"date":"2016-04-15T11:57:08","date_gmt":"2016-04-15T09:57:08","guid":{"rendered":"http:\/\/aragonbilingue.catedu.es\/frances\/?p=4156"},"modified":"2016-04-15T11:57:08","modified_gmt":"2016-04-15T09:57:08","slug":"programa-cruzando-fronteras-2016-17","status":"publish","type":"post","link":"https:\/\/aragonbilingue.catedu.es\/frances\/2016\/04\/15\/programa-cruzando-fronteras-2016-17\/","title":{"rendered":"programa cruzando fronteras 2016-17"},"content":{"rendered":"<p><strong><img loading=\"lazy\" decoding=\"async\" class=\"wp-image-4157 alignleft\" src=\"http:\/\/aragonbilingue.catedu.es\/frances\/wp-content\/uploads\/sites\/3\/2016\/04\/banderas1.png\" alt=\"banderas(1)\" width=\"83\" height=\"83\" srcset=\"https:\/\/aragonbilingue.catedu.es\/frances\/wp-content\/uploads\/sites\/3\/2016\/04\/banderas1.png 300w, https:\/\/aragonbilingue.catedu.es\/frances\/wp-content\/uploads\/sites\/3\/2016\/04\/banderas1-150x150.png 150w\" sizes=\"auto, (max-width: 83px) 100vw, 83px\" \/>CONVOCATORIA PROGRAMA FRANCO-ARAGON\u00c9S DE INMERSI\u00d3N LING\u00dc\u00cdSTICA PARA ALUMNADO CRUZANDO FRONTERAS, DURANTE EL CURSO 2016-2017<\/strong><\/p>\n<p><a href=\"http:\/\/www.boa.aragon.es\/cgi-bin\/EBOA\/BRSCGI?CMD=VEROBJ&amp;MLKOB=902792581111\" target=\"_blank\">ORDEN ECD\/299\/2016, de 22 de marzo, por la que se convoca a los centros sostenidos con fondos p\u00fablicos de niveles no universitarios de la Comunidad Aut\u00f3noma de Arag\u00f3n para participar en el Programa franco-aragon\u00e9s de inmersi\u00f3n ling\u00fc\u00edstica para alumnado \u201cCruzando Fronteras\u201d, durante el curso 2016-2017.<\/a><\/p>\n","protected":false},"excerpt":{"rendered":"<p>CONVOCATORIA PROGRAMA FRANCO-ARAGON\u00c9S DE INMERSI\u00d3N LING\u00dc\u00cdSTICA PARA ALUMNADO CRUZANDO FRONTERAS, DURANTE EL CURSO 2016-2017 ORDEN ECD\/299\/2016, de 22 de marzo, por la que se convoca a los centros sostenidos con fondos p\u00fablicos de niveles no universitarios de la Comunidad Aut\u00f3noma de Arag\u00f3n para participar en el Programa franco-aragon\u00e9s de inmersi\u00f3n<a href=\"https:\/\/aragonbilingue.catedu.es\/frances\/2016\/04\/15\/programa-cruzando-fronteras-2016-17\/\" class=\"read-more\">Read the Rest&#8230;<\/a><\/p>\n","protected":false},"author":1,"featured_media":0,"comment_status":"open","ping_status":"open","sticky":false,"template":"","format":"standard","meta":{"_monsterinsights_skip_tracking":false,"_monsterinsights_sitenote_active":false,"_monsterinsights_sitenote_note":"","_monsterinsights_sitenote_category":0,"footnotes":""},"categories":[16],"tags":[],"class_list":["post-4156","post","type-post","status-publish","format-standard","hentry","category-general"],"_links":{"self":[{"href":"https:\/\/aragonbilingue.catedu.es\/frances\/wp-json\/wp\/v2\/posts\/4156","targetHints":{"allow":["GET"]}}],"collection":[{"href":"https:\/\/aragonbilingue.catedu.es\/frances\/wp-json\/wp\/v2\/posts"}],"about":[{"href":"https:\/\/aragonbilingue.catedu.es\/frances\/wp-json\/wp\/v2\/types\/post"}],"author":[{"embeddable":true,"href":"https:\/\/aragonbilingue.catedu.es\/frances\/wp-json\/wp\/v2\/users\/1"}],"replies":[{"embeddable":true,"href":"https:\/\/aragonbilingue.catedu.es\/frances\/wp-json\/wp\/v2\/comments?post=4156"}],"version-history":[{"count":1,"href":"https:\/\/aragonbilingue.catedu.es\/frances\/wp-json\/wp\/v2\/posts\/4156\/revisions"}],"predecessor-version":[{"id":4158,"href":"https:\/\/aragonbilingue.catedu.es\/frances\/wp-json\/wp\/v2\/posts\/4156\/revisions\/4158"}],"wp:attachment":[{"href":"https:\/\/aragonbilingue.catedu.es\/frances\/wp-json\/wp\/v2\/media?parent=4156"}],"wp:term":[{"taxonomy":"category","embeddable":true,"href":"https:\/\/aragonbilingue.catedu.es\/frances\/wp-json\/wp\/v2\/categories?post=4156"},{"taxonomy":"post_tag","embeddable":true,"href":"https:\/\/aragonbilingue.catedu.es\/frances\/wp-json\/wp\/v2\/tags?post=4156"}],"curies":[{"name":"wp","href":"https:\/\/api.w.org\/{rel}","templated":true}]}}