{"id":1917,"date":"2011-03-29T19:18:28","date_gmt":"2011-03-29T17:18:28","guid":{"rendered":"http:\/\/aragonbilingue.educa.aragon.es\/frances\/?p=1917"},"modified":"2015-10-11T19:43:52","modified_gmt":"2015-10-11T17:43:52","slug":"les-triplettes-de-belleville","status":"publish","type":"post","link":"https:\/\/aragonbilingue.catedu.es\/frances\/2011\/03\/29\/les-triplettes-de-belleville\/","title":{"rendered":"Les Triplettes de Belleville"},"content":{"rendered":"<p>Voici un film tr\u00e8s riche et enrichissant qu&#8217;on peut travailler avec des \u00e9l\u00e8ves de n&#8217;importe quel \u00e2ge et niveau, et depuis beaucoup de perspectives.<\/p>\n<p>&nbsp;<\/p>\n<p style=\"text-align: center;\"><a href=\"http:\/\/aragonbilingue.catedu.es\/frances\/wp-content\/uploads\/sites\/3\/2011\/03\/affiche_triplettes-225x300.jpg\"><img loading=\"lazy\" decoding=\"async\" class=\"alignnone size-medium wp-image-3899\" src=\"http:\/\/aragonbilingue.catedu.es\/frances\/wp-content\/uploads\/sites\/3\/2011\/03\/affiche_triplettes-225x300-225x300.jpg\" alt=\"affiche_triplettes-225x300\" width=\"225\" height=\"300\" \/><\/a><\/p>\n<p>&nbsp;<\/p>\n<p>Les Triplettes de Belleville est un film d&#8217;animation franco-belgo-qu\u00e9b\u00e9cois \u00e9crit (d&#8217;apr\u00e8s son \u0153uvre) et r\u00e9alis\u00e9 par Sylvain Chomet, sorti en 2003.<\/p>\n<p>&nbsp;<\/p>\n<p><iframe loading=\"lazy\" title=\"Les Triplettes de Belleville [Trailer] (2003)\" width=\"584\" height=\"438\" src=\"https:\/\/www.youtube.com\/embed\/Npro9kjyaJk?feature=oembed\" frameborder=\"0\" allow=\"accelerometer; autoplay; clipboard-write; encrypted-media; gyroscope; picture-in-picture; web-share\" referrerpolicy=\"strict-origin-when-cross-origin\" allowfullscreen><\/iframe><\/p>\n<p>&nbsp;<\/p>\n<p>Voici quelques id\u00e9es et links int\u00e9ressants pour travailler le film:<\/p>\n<p><a href=\"http:\/\/pedagogie.ac-toulouse.fr\/artsetculture31\/file\/pdf\/cinema\/Les_Triplettes_de_Belleville.pdf\" target=\"_blank\">Projet didactique<\/a><\/p>\n<p><a href=\"http:\/\/www.lyceeverneaugrancanaria.org\/html\/cinema.htm\" target=\"_blank\">Th\u00e8mes g\u00e9n\u00e9raux et questionnaire du film<\/a><\/p>\n<p>&nbsp;<\/p>\n","protected":false},"excerpt":{"rendered":"<p>Voici un film tr\u00e8s riche et enrichissant qu&#8217;on peut travailler avec des \u00e9l\u00e8ves de n&#8217;importe quel \u00e2ge et niveau, et depuis beaucoup de perspectives. &nbsp; &nbsp; Les Triplettes de Belleville est un film d&#8217;animation franco-belgo-qu\u00e9b\u00e9cois \u00e9crit (d&#8217;apr\u00e8s son \u0153uvre) et r\u00e9alis\u00e9 par Sylvain Chomet, sorti en 2003. &nbsp; &nbsp; Voici<a href=\"https:\/\/aragonbilingue.catedu.es\/frances\/2011\/03\/29\/les-triplettes-de-belleville\/\" class=\"read-more\">Read the Rest&#8230;<\/a><\/p>\n","protected":false},"author":1,"featured_media":0,"comment_status":"open","ping_status":"open","sticky":false,"template":"","format":"standard","meta":{"_monsterinsights_skip_tracking":false,"_monsterinsights_sitenote_active":false,"_monsterinsights_sitenote_note":"","_monsterinsights_sitenote_category":0,"footnotes":""},"categories":[43,19,20,55,5,31,29],"tags":[],"class_list":["post-1917","post","type-post","status-publish","format-standard","hentry","category-b-primaria","category-secundaria","category-ccss","category-conocimiento-del-medio","category-bachillerato","category-frances","category-musica"],"_links":{"self":[{"href":"https:\/\/aragonbilingue.catedu.es\/frances\/wp-json\/wp\/v2\/posts\/1917","targetHints":{"allow":["GET"]}}],"collection":[{"href":"https:\/\/aragonbilingue.catedu.es\/frances\/wp-json\/wp\/v2\/posts"}],"about":[{"href":"https:\/\/aragonbilingue.catedu.es\/frances\/wp-json\/wp\/v2\/types\/post"}],"author":[{"embeddable":true,"href":"https:\/\/aragonbilingue.catedu.es\/frances\/wp-json\/wp\/v2\/users\/1"}],"replies":[{"embeddable":true,"href":"https:\/\/aragonbilingue.catedu.es\/frances\/wp-json\/wp\/v2\/comments?post=1917"}],"version-history":[{"count":3,"href":"https:\/\/aragonbilingue.catedu.es\/frances\/wp-json\/wp\/v2\/posts\/1917\/revisions"}],"predecessor-version":[{"id":3900,"href":"https:\/\/aragonbilingue.catedu.es\/frances\/wp-json\/wp\/v2\/posts\/1917\/revisions\/3900"}],"wp:attachment":[{"href":"https:\/\/aragonbilingue.catedu.es\/frances\/wp-json\/wp\/v2\/media?parent=1917"}],"wp:term":[{"taxonomy":"category","embeddable":true,"href":"https:\/\/aragonbilingue.catedu.es\/frances\/wp-json\/wp\/v2\/categories?post=1917"},{"taxonomy":"post_tag","embeddable":true,"href":"https:\/\/aragonbilingue.catedu.es\/frances\/wp-json\/wp\/v2\/tags?post=1917"}],"curies":[{"name":"wp","href":"https:\/\/api.w.org\/{rel}","templated":true}]}}